{"id":3330,"date":"2021-01-19T16:04:24","date_gmt":"2021-01-19T16:04:24","guid":{"rendered":"https:\/\/www.cusine.eu\/es\/?p=3330"},"modified":"2021-01-19T16:04:24","modified_gmt":"2021-01-19T16:04:24","slug":"urkorn-cake","status":"publish","type":"post","link":"https:\/\/www.cusine.eu\/es\/index.php\/urkorn-cake\/","title":{"rendered":"Urkorn Cake"},"content":{"rendered":"<p>Sabes que es <strong>Urkorn Cake<\/strong>? Conoces la historia que tienen los granos que forman parte de \u00e9l?<\/p>\n<p>Urkorn Cake es una <strong>base para hacer pasteler\u00eda<\/strong>, que tiene tres granos que hab\u00edan sido utilizados hist\u00f3ricamente y recuperados para ofrecer un producto de calidad. Con estos <strong>tipos de cereales<\/strong>, podr\u00e1s ofrecer al consumidor experiencias con sabores originales:<\/p>\n<ul>\n<li><strong>Emmer<\/strong>: era la piedra angular de la <strong>dieta mediterr\u00e1nea<\/strong>. Molido en una harina integral m\u00e1s fina que el trigo. Con un sabor picante, que se combina bien con el ligero sabor a nuez de la espelta y el Einkorn, conseguir\u00e9is un sabor suave en los pasteles artesanales.<\/li>\n<li><strong>Einkorn<\/strong>: era el primer trigo del hombre. Contiene abundantes carotenoides, los pigmentos naturales de color rojo, amarillos o naranjas. Con estos pigmentos conseguir\u00e9is un hermoso color dorado en los <strong>pasteles horneados<\/strong>.<\/li>\n<li><strong>Espelta<\/strong>: es una variedad antigua de trigo y fue la base de la alimentaci\u00f3n humana, en la <strong>zona mediterr\u00e1nea<\/strong>, durante miles de a\u00f1os. Tendr\u00e9is un pastel que ser\u00e1 muy bien tolerado por el cuerpo.<\/li>\n<\/ul>\n<p>Os animamos a que lo prob\u00e9is, con \u00e9stas deliciosas recetas!<\/p>\n<ul>\n<li><a href=\"https:\/\/www.cusine.eu\/wp-content\/uploads\/2016\/01\/Receta-Carrot-Cake-Urkorn-Cake.pdf\">Receta de Carrot Cake<\/a>.<\/li>\n<li><a href=\"https:\/\/www.cusine.eu\/wp-content\/uploads\/2016\/01\/Receta-Choco-Chip-Cookies-Urkorn-Cake.pdf\">Receta de Choco Chip Cookies<\/a>.<\/li>\n<li><a href=\"https:\/\/www.cusine.eu\/wp-content\/uploads\/2016\/01\/Receta-Pastel-de-Manzana-Urkorn-Cake.pdf\">Receta de Pastel de Manzana<\/a>.<\/li>\n<\/ul>\n","protected":false},"excerpt":{"rendered":"<p>Sabes que es Urkorn Cake? Conoces la historia que tienen los granos que forman parte de \u00e9l? Urkorn Cake es una base para hacer pasteler\u00eda, que tiene tres granos que hab\u00edan sido utilizados hist\u00f3ricamente y recuperados para ofrecer un producto de calidad. Con estos tipos de cereales, podr\u00e1s ofrecer al consumidor experiencias con sabores originales: Emmer: era la piedra angular [&hellip;]<\/p>\n","protected":false},"author":1,"featured_media":3327,"comment_status":"closed","ping_status":"closed","sticky":false,"template":"","format":"standard","meta":{"footnotes":""},"categories":[16],"tags":[27,22,28,26,24,23,25,29,21,20,19],"class_list":["post-3330","post","type-post","status-publish","format-standard","has-post-thumbnail","hentry","category-recetas","tag-carrot-cake","tag-cereales","tag-choco-chip-cookies","tag-dieta-mediterrania","tag-einkorn","tag-emmer","tag-espelta","tag-pastel-de-manzana","tag-pasteleria","tag-recetas","tag-urkorn-cake"],"yoast_head":"<!-- This site is optimized with the Yoast SEO plugin v27.4 - https:\/\/yoast.com\/product\/yoast-seo-wordpress\/ -->\n<title>Urkorn Cake - Ramon Cusin\u00e9 Hill<\/title>\n<meta name=\"robots\" content=\"index, follow, max-snippet:-1, max-image-preview:large, max-video-preview:-1\" \/>\n<link rel=\"canonical\" href=\"https:\/\/www.cusine.eu\/es\/index.php\/urkorn-cake\/\" \/>\n<meta property=\"og:locale\" content=\"es_ES\" \/>\n<meta property=\"og:type\" content=\"article\" \/>\n<meta property=\"og:title\" content=\"Urkorn Cake - Ramon Cusin\u00e9 Hill\" \/>\n<meta property=\"og:description\" content=\"Sabes que es Urkorn Cake? Conoces la historia que tienen los granos que forman parte de \u00e9l? Urkorn Cake es una base para hacer pasteler\u00eda, que tiene tres granos que hab\u00edan sido utilizados hist\u00f3ricamente y recuperados para ofrecer un producto de calidad. Con estos tipos de cereales, podr\u00e1s ofrecer al consumidor experiencias con sabores originales: Emmer: era la piedra angular [&hellip;]\" \/>\n<meta property=\"og:url\" content=\"https:\/\/www.cusine.eu\/es\/index.php\/urkorn-cake\/\" \/>\n<meta property=\"og:site_name\" content=\"Ramon Cusin\u00e9 Hill\" \/>\n<meta property=\"article:publisher\" content=\"https:\/\/www.facebook.com\/cusine.eu\" \/>\n<meta property=\"article:published_time\" content=\"2021-01-19T16:04:24+00:00\" \/>\n<meta property=\"og:image\" content=\"https:\/\/www.cusine.eu\/wp-content\/uploads\/2021\/01\/urkorn-cake-min.jpg\" \/>\n\t<meta property=\"og:image:width\" content=\"750\" \/>\n\t<meta property=\"og:image:height\" content=\"636\" \/>\n\t<meta property=\"og:image:type\" content=\"image\/jpeg\" \/>\n<meta name=\"author\" content=\"xavi\" \/>\n<meta name=\"twitter:card\" content=\"summary_large_image\" \/>\n<meta name=\"twitter:creator\" content=\"@cusine_eu\" \/>\n<meta name=\"twitter:site\" content=\"@cusine_eu\" \/>\n<meta name=\"twitter:label1\" content=\"Escrito por\" \/>\n\t<meta name=\"twitter:data1\" content=\"xavi\" \/>\n\t<meta name=\"twitter:label2\" content=\"Tiempo de lectura\" \/>\n\t<meta name=\"twitter:data2\" content=\"1 minuto\" \/>\n<script type=\"application\/ld+json\" class=\"yoast-schema-graph\">{\"@context\":\"https:\\\/\\\/schema.org\",\"@graph\":[{\"@type\":\"Article\",\"@id\":\"https:\\\/\\\/www.cusine.eu\\\/es\\\/index.php\\\/urkorn-cake\\\/#article\",\"isPartOf\":{\"@id\":\"https:\\\/\\\/www.cusine.eu\\\/es\\\/index.php\\\/urkorn-cake\\\/\"},\"author\":{\"name\":\"xavi\",\"@id\":\"https:\\\/\\\/www.cusine.eu\\\/#\\\/schema\\\/person\\\/64fa1c4f5e97060cbf9ff70e862f2b65\"},\"headline\":\"Urkorn Cake\",\"datePublished\":\"2021-01-19T16:04:24+00:00\",\"mainEntityOfPage\":{\"@id\":\"https:\\\/\\\/www.cusine.eu\\\/es\\\/index.php\\\/urkorn-cake\\\/\"},\"wordCount\":206,\"publisher\":{\"@id\":\"https:\\\/\\\/www.cusine.eu\\\/#organization\"},\"image\":{\"@id\":\"https:\\\/\\\/www.cusine.eu\\\/es\\\/index.php\\\/urkorn-cake\\\/#primaryimage\"},\"thumbnailUrl\":\"https:\\\/\\\/www.cusine.eu\\\/wp-content\\\/uploads\\\/2021\\\/01\\\/urkorn-cake-min.jpg\",\"keywords\":[\"carrot cake\",\"cereales\",\"choco chip cookies\",\"dieta mediterr\u00e0nia\",\"einkorn\",\"emmer\",\"espelta\",\"pastel de manzana\",\"pasteleria\",\"recetas\",\"urkorn cake\"],\"articleSection\":[\"Recetas\"],\"inLanguage\":\"es\"},{\"@type\":\"WebPage\",\"@id\":\"https:\\\/\\\/www.cusine.eu\\\/es\\\/index.php\\\/urkorn-cake\\\/\",\"url\":\"https:\\\/\\\/www.cusine.eu\\\/es\\\/index.php\\\/urkorn-cake\\\/\",\"name\":\"Urkorn Cake - Ramon Cusin\u00e9 Hill\",\"isPartOf\":{\"@id\":\"https:\\\/\\\/www.cusine.eu\\\/#website\"},\"primaryImageOfPage\":{\"@id\":\"https:\\\/\\\/www.cusine.eu\\\/es\\\/index.php\\\/urkorn-cake\\\/#primaryimage\"},\"image\":{\"@id\":\"https:\\\/\\\/www.cusine.eu\\\/es\\\/index.php\\\/urkorn-cake\\\/#primaryimage\"},\"thumbnailUrl\":\"https:\\\/\\\/www.cusine.eu\\\/wp-content\\\/uploads\\\/2021\\\/01\\\/urkorn-cake-min.jpg\",\"datePublished\":\"2021-01-19T16:04:24+00:00\",\"inLanguage\":\"es\",\"potentialAction\":[{\"@type\":\"ReadAction\",\"target\":[\"https:\\\/\\\/www.cusine.eu\\\/es\\\/index.php\\\/urkorn-cake\\\/\"]}]},{\"@type\":\"ImageObject\",\"inLanguage\":\"es\",\"@id\":\"https:\\\/\\\/www.cusine.eu\\\/es\\\/index.php\\\/urkorn-cake\\\/#primaryimage\",\"url\":\"https:\\\/\\\/www.cusine.eu\\\/wp-content\\\/uploads\\\/2021\\\/01\\\/urkorn-cake-min.jpg\",\"contentUrl\":\"https:\\\/\\\/www.cusine.eu\\\/wp-content\\\/uploads\\\/2021\\\/01\\\/urkorn-cake-min.jpg\",\"width\":750,\"height\":636,\"caption\":\"Mitjan\u00e7ant Urkorn Cake podreu fer pastissos saludables.\"},{\"@type\":\"WebSite\",\"@id\":\"https:\\\/\\\/www.cusine.eu\\\/#website\",\"url\":\"https:\\\/\\\/www.cusine.eu\\\/\",\"name\":\"Ramon Cusin\u00e9 Hill\",\"description\":\"Global Raw Material Supplier\",\"publisher\":{\"@id\":\"https:\\\/\\\/www.cusine.eu\\\/#organization\"},\"potentialAction\":[{\"@type\":\"SearchAction\",\"target\":{\"@type\":\"EntryPoint\",\"urlTemplate\":\"https:\\\/\\\/www.cusine.eu\\\/?s={search_term_string}\"},\"query-input\":{\"@type\":\"PropertyValueSpecification\",\"valueRequired\":true,\"valueName\":\"search_term_string\"}}],\"inLanguage\":\"es\"},{\"@type\":\"Organization\",\"@id\":\"https:\\\/\\\/www.cusine.eu\\\/#organization\",\"name\":\"Ramon Cusin\u00e9 Hill\",\"url\":\"https:\\\/\\\/www.cusine.eu\\\/\",\"logo\":{\"@type\":\"ImageObject\",\"inLanguage\":\"es\",\"@id\":\"https:\\\/\\\/www.cusine.eu\\\/#\\\/schema\\\/logo\\\/image\\\/\",\"url\":\"https:\\\/\\\/www.cusine.eu\\\/wp-content\\\/uploads\\\/2016\\\/01\\\/cropped-CUSINE__LOGO_principal_POSITIU__WEB-1.png\",\"contentUrl\":\"https:\\\/\\\/www.cusine.eu\\\/wp-content\\\/uploads\\\/2016\\\/01\\\/cropped-CUSINE__LOGO_principal_POSITIU__WEB-1.png\",\"width\":362,\"height\":150,\"caption\":\"Ramon Cusin\u00e9 Hill\"},\"image\":{\"@id\":\"https:\\\/\\\/www.cusine.eu\\\/#\\\/schema\\\/logo\\\/image\\\/\"},\"sameAs\":[\"https:\\\/\\\/www.facebook.com\\\/cusine.eu\",\"https:\\\/\\\/x.com\\\/cusine_eu\",\"https:\\\/\\\/www.instagram.com\\\/cusine_eu\\\/\"]},{\"@type\":\"Person\",\"@id\":\"https:\\\/\\\/www.cusine.eu\\\/#\\\/schema\\\/person\\\/64fa1c4f5e97060cbf9ff70e862f2b65\",\"name\":\"xavi\",\"image\":{\"@type\":\"ImageObject\",\"inLanguage\":\"es\",\"@id\":\"https:\\\/\\\/secure.gravatar.com\\\/avatar\\\/af05262cf3977d5a4bc00783fa3e3b46c9a21f242558177807e11e4cbc6dea2f?s=96&d=mm&r=g\",\"url\":\"https:\\\/\\\/secure.gravatar.com\\\/avatar\\\/af05262cf3977d5a4bc00783fa3e3b46c9a21f242558177807e11e4cbc6dea2f?s=96&d=mm&r=g\",\"contentUrl\":\"https:\\\/\\\/secure.gravatar.com\\\/avatar\\\/af05262cf3977d5a4bc00783fa3e3b46c9a21f242558177807e11e4cbc6dea2f?s=96&d=mm&r=g\",\"caption\":\"xavi\"},\"url\":\"https:\\\/\\\/www.cusine.eu\\\/es\\\/index.php\\\/author\\\/xavi\\\/\"}]}<\/script>\n<!-- \/ Yoast SEO plugin. -->","yoast_head_json":{"title":"Urkorn Cake - Ramon Cusin\u00e9 Hill","robots":{"index":"index","follow":"follow","max-snippet":"max-snippet:-1","max-image-preview":"max-image-preview:large","max-video-preview":"max-video-preview:-1"},"canonical":"https:\/\/www.cusine.eu\/es\/index.php\/urkorn-cake\/","og_locale":"es_ES","og_type":"article","og_title":"Urkorn Cake - Ramon Cusin\u00e9 Hill","og_description":"Sabes que es Urkorn Cake? Conoces la historia que tienen los granos que forman parte de \u00e9l? Urkorn Cake es una base para hacer pasteler\u00eda, que tiene tres granos que hab\u00edan sido utilizados hist\u00f3ricamente y recuperados para ofrecer un producto de calidad. Con estos tipos de cereales, podr\u00e1s ofrecer al consumidor experiencias con sabores originales: Emmer: era la piedra angular [&hellip;]","og_url":"https:\/\/www.cusine.eu\/es\/index.php\/urkorn-cake\/","og_site_name":"Ramon Cusin\u00e9 Hill","article_publisher":"https:\/\/www.facebook.com\/cusine.eu","article_published_time":"2021-01-19T16:04:24+00:00","og_image":[{"width":750,"height":636,"url":"https:\/\/www.cusine.eu\/wp-content\/uploads\/2021\/01\/urkorn-cake-min.jpg","type":"image\/jpeg"}],"author":"xavi","twitter_card":"summary_large_image","twitter_creator":"@cusine_eu","twitter_site":"@cusine_eu","twitter_misc":{"Escrito por":"xavi","Tiempo de lectura":"1 minuto"},"schema":{"@context":"https:\/\/schema.org","@graph":[{"@type":"Article","@id":"https:\/\/www.cusine.eu\/es\/index.php\/urkorn-cake\/#article","isPartOf":{"@id":"https:\/\/www.cusine.eu\/es\/index.php\/urkorn-cake\/"},"author":{"name":"xavi","@id":"https:\/\/www.cusine.eu\/#\/schema\/person\/64fa1c4f5e97060cbf9ff70e862f2b65"},"headline":"Urkorn Cake","datePublished":"2021-01-19T16:04:24+00:00","mainEntityOfPage":{"@id":"https:\/\/www.cusine.eu\/es\/index.php\/urkorn-cake\/"},"wordCount":206,"publisher":{"@id":"https:\/\/www.cusine.eu\/#organization"},"image":{"@id":"https:\/\/www.cusine.eu\/es\/index.php\/urkorn-cake\/#primaryimage"},"thumbnailUrl":"https:\/\/www.cusine.eu\/wp-content\/uploads\/2021\/01\/urkorn-cake-min.jpg","keywords":["carrot cake","cereales","choco chip cookies","dieta mediterr\u00e0nia","einkorn","emmer","espelta","pastel de manzana","pasteleria","recetas","urkorn cake"],"articleSection":["Recetas"],"inLanguage":"es"},{"@type":"WebPage","@id":"https:\/\/www.cusine.eu\/es\/index.php\/urkorn-cake\/","url":"https:\/\/www.cusine.eu\/es\/index.php\/urkorn-cake\/","name":"Urkorn Cake - Ramon Cusin\u00e9 Hill","isPartOf":{"@id":"https:\/\/www.cusine.eu\/#website"},"primaryImageOfPage":{"@id":"https:\/\/www.cusine.eu\/es\/index.php\/urkorn-cake\/#primaryimage"},"image":{"@id":"https:\/\/www.cusine.eu\/es\/index.php\/urkorn-cake\/#primaryimage"},"thumbnailUrl":"https:\/\/www.cusine.eu\/wp-content\/uploads\/2021\/01\/urkorn-cake-min.jpg","datePublished":"2021-01-19T16:04:24+00:00","inLanguage":"es","potentialAction":[{"@type":"ReadAction","target":["https:\/\/www.cusine.eu\/es\/index.php\/urkorn-cake\/"]}]},{"@type":"ImageObject","inLanguage":"es","@id":"https:\/\/www.cusine.eu\/es\/index.php\/urkorn-cake\/#primaryimage","url":"https:\/\/www.cusine.eu\/wp-content\/uploads\/2021\/01\/urkorn-cake-min.jpg","contentUrl":"https:\/\/www.cusine.eu\/wp-content\/uploads\/2021\/01\/urkorn-cake-min.jpg","width":750,"height":636,"caption":"Mitjan\u00e7ant Urkorn Cake podreu fer pastissos saludables."},{"@type":"WebSite","@id":"https:\/\/www.cusine.eu\/#website","url":"https:\/\/www.cusine.eu\/","name":"Ramon Cusin\u00e9 Hill","description":"Global Raw Material Supplier","publisher":{"@id":"https:\/\/www.cusine.eu\/#organization"},"potentialAction":[{"@type":"SearchAction","target":{"@type":"EntryPoint","urlTemplate":"https:\/\/www.cusine.eu\/?s={search_term_string}"},"query-input":{"@type":"PropertyValueSpecification","valueRequired":true,"valueName":"search_term_string"}}],"inLanguage":"es"},{"@type":"Organization","@id":"https:\/\/www.cusine.eu\/#organization","name":"Ramon Cusin\u00e9 Hill","url":"https:\/\/www.cusine.eu\/","logo":{"@type":"ImageObject","inLanguage":"es","@id":"https:\/\/www.cusine.eu\/#\/schema\/logo\/image\/","url":"https:\/\/www.cusine.eu\/wp-content\/uploads\/2016\/01\/cropped-CUSINE__LOGO_principal_POSITIU__WEB-1.png","contentUrl":"https:\/\/www.cusine.eu\/wp-content\/uploads\/2016\/01\/cropped-CUSINE__LOGO_principal_POSITIU__WEB-1.png","width":362,"height":150,"caption":"Ramon Cusin\u00e9 Hill"},"image":{"@id":"https:\/\/www.cusine.eu\/#\/schema\/logo\/image\/"},"sameAs":["https:\/\/www.facebook.com\/cusine.eu","https:\/\/x.com\/cusine_eu","https:\/\/www.instagram.com\/cusine_eu\/"]},{"@type":"Person","@id":"https:\/\/www.cusine.eu\/#\/schema\/person\/64fa1c4f5e97060cbf9ff70e862f2b65","name":"xavi","image":{"@type":"ImageObject","inLanguage":"es","@id":"https:\/\/secure.gravatar.com\/avatar\/af05262cf3977d5a4bc00783fa3e3b46c9a21f242558177807e11e4cbc6dea2f?s=96&d=mm&r=g","url":"https:\/\/secure.gravatar.com\/avatar\/af05262cf3977d5a4bc00783fa3e3b46c9a21f242558177807e11e4cbc6dea2f?s=96&d=mm&r=g","contentUrl":"https:\/\/secure.gravatar.com\/avatar\/af05262cf3977d5a4bc00783fa3e3b46c9a21f242558177807e11e4cbc6dea2f?s=96&d=mm&r=g","caption":"xavi"},"url":"https:\/\/www.cusine.eu\/es\/index.php\/author\/xavi\/"}]}},"_links":{"self":[{"href":"https:\/\/www.cusine.eu\/es\/index.php\/wp-json\/wp\/v2\/posts\/3330","targetHints":{"allow":["GET"]}}],"collection":[{"href":"https:\/\/www.cusine.eu\/es\/index.php\/wp-json\/wp\/v2\/posts"}],"about":[{"href":"https:\/\/www.cusine.eu\/es\/index.php\/wp-json\/wp\/v2\/types\/post"}],"author":[{"embeddable":true,"href":"https:\/\/www.cusine.eu\/es\/index.php\/wp-json\/wp\/v2\/users\/1"}],"replies":[{"embeddable":true,"href":"https:\/\/www.cusine.eu\/es\/index.php\/wp-json\/wp\/v2\/comments?post=3330"}],"version-history":[{"count":3,"href":"https:\/\/www.cusine.eu\/es\/index.php\/wp-json\/wp\/v2\/posts\/3330\/revisions"}],"predecessor-version":[{"id":3337,"href":"https:\/\/www.cusine.eu\/es\/index.php\/wp-json\/wp\/v2\/posts\/3330\/revisions\/3337"}],"wp:featuredmedia":[{"embeddable":true,"href":"https:\/\/www.cusine.eu\/es\/index.php\/wp-json\/wp\/v2\/media\/3327"}],"wp:attachment":[{"href":"https:\/\/www.cusine.eu\/es\/index.php\/wp-json\/wp\/v2\/media?parent=3330"}],"wp:term":[{"taxonomy":"category","embeddable":true,"href":"https:\/\/www.cusine.eu\/es\/index.php\/wp-json\/wp\/v2\/categories?post=3330"},{"taxonomy":"post_tag","embeddable":true,"href":"https:\/\/www.cusine.eu\/es\/index.php\/wp-json\/wp\/v2\/tags?post=3330"}],"curies":[{"name":"wp","href":"https:\/\/api.w.org\/{rel}","templated":true}]}}