{"id":3428,"date":"2021-02-16T17:10:29","date_gmt":"2021-02-16T17:10:29","guid":{"rendered":"https:\/\/www.cusine.eu\/es\/?p=3428"},"modified":"2021-02-16T17:10:29","modified_gmt":"2021-02-16T17:10:29","slug":"nuestro-departamento-de-logistica","status":"publish","type":"post","link":"https:\/\/www.cusine.eu\/es\/index.php\/nuestro-departamento-de-logistica\/","title":{"rendered":"Nuestro departamento de log\u00edstica"},"content":{"rendered":"<p lang=\"ca-ES\" align=\"justify\"><span style=\"font-family: Candara, serif;\"><span style=\"font-size: small;\">En Ramon Cusin\u00e9 Hill, nuestro departamento de Log\u00edstica es una de las piezas angulares de nuestra empresa y uno de nuestros principales valores. El objetivo de \u00e9ste departamento es ofrecer un servicio r\u00e1pido y de calidad.<\/span><\/span><\/p>\n<p lang=\"ca-ES\" align=\"justify\"><span style=\"font-family: Candara, serif;\"><span style=\"font-size: small;\">Nuestro equipo humano esta compuesto de:<\/span><\/span><\/p>\n<ul>\n<li lang=\"ca-ES\"><span style=\"font-family: Candara, serif;\"><span style=\"font-size: small;\">6 personas en la oficina.<\/span><\/span><\/li>\n<li lang=\"ca-ES\"><span style=\"font-family: Candara, serif;\"><span style=\"font-size: small;\">9 personas en el almac\u00e9n.<\/span><\/span><\/li>\n<li lang=\"ca-ES\"><span style=\"font-family: Candara, serif;\"><span style=\"font-size: small;\">18 personas distribuyendo mercader\u00edas.<\/span><\/span><\/li>\n<\/ul>\n<div id=\"attachment_3423\" style=\"width: 1034px\" class=\"wp-caption alignnone\"><img loading=\"lazy\" decoding=\"async\" aria-describedby=\"caption-attachment-3423\" class=\"size-full wp-image-3423\" src=\"https:\/\/www.cusine.eu\/wp-content\/uploads\/2021\/02\/212001_XXSS_RCH_Post_Twitter4.jpg\" alt=\"Fotografia del personal del departament de log\u00edstica de Ramon Cusin\u00e9 Hill\" width=\"1024\" height=\"512\" srcset=\"https:\/\/www.cusine.eu\/wp-content\/uploads\/2021\/02\/212001_XXSS_RCH_Post_Twitter4.jpg 1024w, https:\/\/www.cusine.eu\/wp-content\/uploads\/2021\/02\/212001_XXSS_RCH_Post_Twitter4-300x150.jpg 300w, https:\/\/www.cusine.eu\/wp-content\/uploads\/2021\/02\/212001_XXSS_RCH_Post_Twitter4-768x384.jpg 768w, https:\/\/www.cusine.eu\/wp-content\/uploads\/2021\/02\/212001_XXSS_RCH_Post_Twitter4-1000x500.jpg 1000w\" sizes=\"auto, (max-width: 1024px) 100vw, 1024px\" \/><p id=\"caption-attachment-3423\" class=\"wp-caption-text\">Personal de log\u00edstica de Ramon Cusin\u00e9 Hill<\/p><\/div>\n<p lang=\"ca-ES\" align=\"justify\"><span style=\"font-family: Candara, serif;\"><span style=\"font-size: small;\">Nuestra flota propia consta de \u00e9stas caracter\u00edsticas:<\/span><\/span><\/p>\n<ul>\n<li lang=\"ca-ES\"><span style=\"font-family: Candara, serif;\"><span style=\"font-size: small;\">16 camiones propios.<\/span><\/span><\/li>\n<li lang=\"ca-ES\"><span style=\"font-family: Candara, serif;\"><span style=\"font-size: small;\">3 veh\u00edculos ligeros para hacer entregas urgentes.<\/span><\/span><\/li>\n<li lang=\"ca-ES\"><span style=\"font-family: Candara, serif;\"><span style=\"font-size: small;\">Flota monitorizada con GPS.<\/span><\/span><\/li>\n<li lang=\"ca-ES\"><span style=\"font-family: Candara, serif;\"><span style=\"font-size: small;\">Veh\u00edculos equipados con plataforma elevadora y transpaleta el\u00e9ctrica.<\/span><\/span><\/li>\n<\/ul>\n<div id=\"attachment_3424\" style=\"width: 1034px\" class=\"wp-caption alignnone\"><img loading=\"lazy\" decoding=\"async\" aria-describedby=\"caption-attachment-3424\" class=\"size-full wp-image-3424\" src=\"https:\/\/www.cusine.eu\/wp-content\/uploads\/2021\/02\/212001_XXSS_RCH_Post_Twitter5.jpg\" alt=\"Fotografia d'un toro amb el magatzem de Ramon Cusin\u00e9 Hill\" width=\"1024\" height=\"512\" srcset=\"https:\/\/www.cusine.eu\/wp-content\/uploads\/2021\/02\/212001_XXSS_RCH_Post_Twitter5.jpg 1024w, https:\/\/www.cusine.eu\/wp-content\/uploads\/2021\/02\/212001_XXSS_RCH_Post_Twitter5-300x150.jpg 300w, https:\/\/www.cusine.eu\/wp-content\/uploads\/2021\/02\/212001_XXSS_RCH_Post_Twitter5-768x384.jpg 768w, https:\/\/www.cusine.eu\/wp-content\/uploads\/2021\/02\/212001_XXSS_RCH_Post_Twitter5-1000x500.jpg 1000w\" sizes=\"auto, (max-width: 1024px) 100vw, 1024px\" \/><p id=\"caption-attachment-3424\" class=\"wp-caption-text\">Toro dins el magatzem de Ramon Cusin\u00e9 Hill<\/p><\/div>\n<p lang=\"ca-ES\" align=\"justify\"><span style=\"font-family: Candara, serif;\"><span style=\"font-size: small;\">Podemos enviar:<\/span><\/span><\/p>\n<ul>\n<li lang=\"ca-ES\"><span style=\"font-family: Candara, serif;\"><span style=\"font-size: small;\">150 toneladas al d\u00eda en camiones y veh\u00edculos propios.<\/span><\/span><\/li>\n<li lang=\"ca-ES\"><span style=\"font-family: Candara, serif;\"><span style=\"font-size: small;\">800 toneladas al d\u00eda en camiones externos.<\/span><\/span><\/li>\n<li lang=\"ca-ES\"><span style=\"font-family: Candara, serif;\"><span style=\"font-size: small;\">A Catalu\u00f1a, Espa\u00f1a, Portugal, Francia, Alemania y resto de Europa.<\/span><\/span><\/li>\n<li lang=\"ca-ES\"><span style=\"font-family: Candara, serif;\"><span style=\"font-size: small;\">A trav\u00e9s de transporte mar\u00edtimo y a\u00e9reo.<\/span><\/span><\/li>\n<\/ul>\n<p lang=\"ca-ES\" align=\"justify\"><span style=\"font-family: Candara, serif;\"><span style=\"font-size: small;\">Somos flexibles, proactivos y con capacidad de poder realizar servicios urgentes. Tenemos el compromiso de entregar la mercader\u00eda en el plazo marcado. Y con una \u00fanica misi\u00f3n: satisfacer las necesidades de nuestros clientes.<\/span><\/span><\/p>\n","protected":false},"excerpt":{"rendered":"<p>En Ramon Cusin\u00e9 Hill, nuestro departamento de Log\u00edstica es una de las piezas angulares de nuestra empresa y uno de nuestros principales valores. El objetivo de \u00e9ste departamento es ofrecer un servicio r\u00e1pido y de calidad. Nuestro equipo humano esta compuesto de: 6 personas en la oficina. 9 personas en el almac\u00e9n. 18 personas distribuyendo mercader\u00edas. Nuestra flota propia consta [&hellip;]<\/p>\n","protected":false},"author":1,"featured_media":3422,"comment_status":"closed","ping_status":"closed","sticky":false,"template":"","format":"standard","meta":{"footnotes":""},"categories":[42],"tags":[43,49,50,51,52],"class_list":["post-3428","post","type-post","status-publish","format-standard","has-post-thumbnail","hentry","category-logistica","tag-gps","tag-transporte","tag-transporte-aereo","tag-transporte-maritimo","tag-transporte-terrestre"],"yoast_head":"<!-- This site is optimized with the Yoast SEO plugin v27.4 - https:\/\/yoast.com\/product\/yoast-seo-wordpress\/ -->\n<title>Nuestro departamento de log\u00edstica - Ramon Cusin\u00e9 Hill<\/title>\n<meta name=\"robots\" content=\"index, follow, max-snippet:-1, max-image-preview:large, max-video-preview:-1\" \/>\n<link rel=\"canonical\" href=\"https:\/\/www.cusine.eu\/es\/index.php\/nuestro-departamento-de-logistica\/\" \/>\n<meta property=\"og:locale\" content=\"es_ES\" \/>\n<meta property=\"og:type\" content=\"article\" \/>\n<meta property=\"og:title\" content=\"Nuestro departamento de log\u00edstica - Ramon Cusin\u00e9 Hill\" \/>\n<meta property=\"og:description\" content=\"En Ramon Cusin\u00e9 Hill, nuestro departamento de Log\u00edstica es una de las piezas angulares de nuestra empresa y uno de nuestros principales valores. El objetivo de \u00e9ste departamento es ofrecer un servicio r\u00e1pido y de calidad. Nuestro equipo humano esta compuesto de: 6 personas en la oficina. 9 personas en el almac\u00e9n. 18 personas distribuyendo mercader\u00edas. Nuestra flota propia consta [&hellip;]\" \/>\n<meta property=\"og:url\" content=\"https:\/\/www.cusine.eu\/es\/index.php\/nuestro-departamento-de-logistica\/\" \/>\n<meta property=\"og:site_name\" content=\"Ramon Cusin\u00e9 Hill\" \/>\n<meta property=\"article:publisher\" content=\"https:\/\/www.facebook.com\/cusine.eu\" \/>\n<meta property=\"article:published_time\" content=\"2021-02-16T17:10:29+00:00\" \/>\n<meta property=\"og:image\" content=\"https:\/\/www.cusine.eu\/wp-content\/uploads\/2021\/02\/212001_XXSS_RCH_Post_Twitter6.jpg\" \/>\n\t<meta property=\"og:image:width\" content=\"1024\" \/>\n\t<meta property=\"og:image:height\" content=\"512\" \/>\n\t<meta property=\"og:image:type\" content=\"image\/jpeg\" \/>\n<meta name=\"author\" content=\"xavi\" \/>\n<meta name=\"twitter:card\" content=\"summary_large_image\" \/>\n<meta name=\"twitter:creator\" content=\"@cusine_eu\" \/>\n<meta name=\"twitter:site\" content=\"@cusine_eu\" \/>\n<meta name=\"twitter:label1\" content=\"Escrito por\" \/>\n\t<meta name=\"twitter:data1\" content=\"xavi\" \/>\n\t<meta name=\"twitter:label2\" content=\"Tiempo de lectura\" \/>\n\t<meta name=\"twitter:data2\" content=\"1 minuto\" \/>\n<script type=\"application\/ld+json\" class=\"yoast-schema-graph\">{\"@context\":\"https:\\\/\\\/schema.org\",\"@graph\":[{\"@type\":\"Article\",\"@id\":\"https:\\\/\\\/www.cusine.eu\\\/es\\\/index.php\\\/nuestro-departamento-de-logistica\\\/#article\",\"isPartOf\":{\"@id\":\"https:\\\/\\\/www.cusine.eu\\\/es\\\/index.php\\\/nuestro-departamento-de-logistica\\\/\"},\"author\":{\"name\":\"xavi\",\"@id\":\"https:\\\/\\\/www.cusine.eu\\\/#\\\/schema\\\/person\\\/64fa1c4f5e97060cbf9ff70e862f2b65\"},\"headline\":\"Nuestro departamento de log\u00edstica\",\"datePublished\":\"2021-02-16T17:10:29+00:00\",\"mainEntityOfPage\":{\"@id\":\"https:\\\/\\\/www.cusine.eu\\\/es\\\/index.php\\\/nuestro-departamento-de-logistica\\\/\"},\"wordCount\":199,\"publisher\":{\"@id\":\"https:\\\/\\\/www.cusine.eu\\\/#organization\"},\"image\":{\"@id\":\"https:\\\/\\\/www.cusine.eu\\\/es\\\/index.php\\\/nuestro-departamento-de-logistica\\\/#primaryimage\"},\"thumbnailUrl\":\"https:\\\/\\\/www.cusine.eu\\\/wp-content\\\/uploads\\\/2021\\\/02\\\/212001_XXSS_RCH_Post_Twitter6.jpg\",\"keywords\":[\"gps\",\"transporte\",\"transporte aereo\",\"transporte mar\u00edtimo\",\"transporte terrestre\"],\"articleSection\":[\"logistica\"],\"inLanguage\":\"es\"},{\"@type\":\"WebPage\",\"@id\":\"https:\\\/\\\/www.cusine.eu\\\/es\\\/index.php\\\/nuestro-departamento-de-logistica\\\/\",\"url\":\"https:\\\/\\\/www.cusine.eu\\\/es\\\/index.php\\\/nuestro-departamento-de-logistica\\\/\",\"name\":\"Nuestro departamento de log\u00edstica - Ramon Cusin\u00e9 Hill\",\"isPartOf\":{\"@id\":\"https:\\\/\\\/www.cusine.eu\\\/#website\"},\"primaryImageOfPage\":{\"@id\":\"https:\\\/\\\/www.cusine.eu\\\/es\\\/index.php\\\/nuestro-departamento-de-logistica\\\/#primaryimage\"},\"image\":{\"@id\":\"https:\\\/\\\/www.cusine.eu\\\/es\\\/index.php\\\/nuestro-departamento-de-logistica\\\/#primaryimage\"},\"thumbnailUrl\":\"https:\\\/\\\/www.cusine.eu\\\/wp-content\\\/uploads\\\/2021\\\/02\\\/212001_XXSS_RCH_Post_Twitter6.jpg\",\"datePublished\":\"2021-02-16T17:10:29+00:00\",\"inLanguage\":\"es\",\"potentialAction\":[{\"@type\":\"ReadAction\",\"target\":[\"https:\\\/\\\/www.cusine.eu\\\/es\\\/index.php\\\/nuestro-departamento-de-logistica\\\/\"]}]},{\"@type\":\"ImageObject\",\"inLanguage\":\"es\",\"@id\":\"https:\\\/\\\/www.cusine.eu\\\/es\\\/index.php\\\/nuestro-departamento-de-logistica\\\/#primaryimage\",\"url\":\"https:\\\/\\\/www.cusine.eu\\\/wp-content\\\/uploads\\\/2021\\\/02\\\/212001_XXSS_RCH_Post_Twitter6.jpg\",\"contentUrl\":\"https:\\\/\\\/www.cusine.eu\\\/wp-content\\\/uploads\\\/2021\\\/02\\\/212001_XXSS_RCH_Post_Twitter6.jpg\",\"width\":1024,\"height\":512,\"caption\":\"Magatzem de Ramon Cusin\u00e9 Hill.\"},{\"@type\":\"WebSite\",\"@id\":\"https:\\\/\\\/www.cusine.eu\\\/#website\",\"url\":\"https:\\\/\\\/www.cusine.eu\\\/\",\"name\":\"Ramon Cusin\u00e9 Hill\",\"description\":\"Global Raw Material Supplier\",\"publisher\":{\"@id\":\"https:\\\/\\\/www.cusine.eu\\\/#organization\"},\"potentialAction\":[{\"@type\":\"SearchAction\",\"target\":{\"@type\":\"EntryPoint\",\"urlTemplate\":\"https:\\\/\\\/www.cusine.eu\\\/?s={search_term_string}\"},\"query-input\":{\"@type\":\"PropertyValueSpecification\",\"valueRequired\":true,\"valueName\":\"search_term_string\"}}],\"inLanguage\":\"es\"},{\"@type\":\"Organization\",\"@id\":\"https:\\\/\\\/www.cusine.eu\\\/#organization\",\"name\":\"Ramon Cusin\u00e9 Hill\",\"url\":\"https:\\\/\\\/www.cusine.eu\\\/\",\"logo\":{\"@type\":\"ImageObject\",\"inLanguage\":\"es\",\"@id\":\"https:\\\/\\\/www.cusine.eu\\\/#\\\/schema\\\/logo\\\/image\\\/\",\"url\":\"https:\\\/\\\/www.cusine.eu\\\/wp-content\\\/uploads\\\/2016\\\/01\\\/cropped-CUSINE__LOGO_principal_POSITIU__WEB-1.png\",\"contentUrl\":\"https:\\\/\\\/www.cusine.eu\\\/wp-content\\\/uploads\\\/2016\\\/01\\\/cropped-CUSINE__LOGO_principal_POSITIU__WEB-1.png\",\"width\":362,\"height\":150,\"caption\":\"Ramon Cusin\u00e9 Hill\"},\"image\":{\"@id\":\"https:\\\/\\\/www.cusine.eu\\\/#\\\/schema\\\/logo\\\/image\\\/\"},\"sameAs\":[\"https:\\\/\\\/www.facebook.com\\\/cusine.eu\",\"https:\\\/\\\/x.com\\\/cusine_eu\",\"https:\\\/\\\/www.instagram.com\\\/cusine_eu\\\/\"]},{\"@type\":\"Person\",\"@id\":\"https:\\\/\\\/www.cusine.eu\\\/#\\\/schema\\\/person\\\/64fa1c4f5e97060cbf9ff70e862f2b65\",\"name\":\"xavi\",\"image\":{\"@type\":\"ImageObject\",\"inLanguage\":\"es\",\"@id\":\"https:\\\/\\\/secure.gravatar.com\\\/avatar\\\/af05262cf3977d5a4bc00783fa3e3b46c9a21f242558177807e11e4cbc6dea2f?s=96&d=mm&r=g\",\"url\":\"https:\\\/\\\/secure.gravatar.com\\\/avatar\\\/af05262cf3977d5a4bc00783fa3e3b46c9a21f242558177807e11e4cbc6dea2f?s=96&d=mm&r=g\",\"contentUrl\":\"https:\\\/\\\/secure.gravatar.com\\\/avatar\\\/af05262cf3977d5a4bc00783fa3e3b46c9a21f242558177807e11e4cbc6dea2f?s=96&d=mm&r=g\",\"caption\":\"xavi\"},\"url\":\"https:\\\/\\\/www.cusine.eu\\\/es\\\/index.php\\\/author\\\/xavi\\\/\"}]}<\/script>\n<!-- \/ Yoast SEO plugin. -->","yoast_head_json":{"title":"Nuestro departamento de log\u00edstica - Ramon Cusin\u00e9 Hill","robots":{"index":"index","follow":"follow","max-snippet":"max-snippet:-1","max-image-preview":"max-image-preview:large","max-video-preview":"max-video-preview:-1"},"canonical":"https:\/\/www.cusine.eu\/es\/index.php\/nuestro-departamento-de-logistica\/","og_locale":"es_ES","og_type":"article","og_title":"Nuestro departamento de log\u00edstica - Ramon Cusin\u00e9 Hill","og_description":"En Ramon Cusin\u00e9 Hill, nuestro departamento de Log\u00edstica es una de las piezas angulares de nuestra empresa y uno de nuestros principales valores. El objetivo de \u00e9ste departamento es ofrecer un servicio r\u00e1pido y de calidad. Nuestro equipo humano esta compuesto de: 6 personas en la oficina. 9 personas en el almac\u00e9n. 18 personas distribuyendo mercader\u00edas. Nuestra flota propia consta [&hellip;]","og_url":"https:\/\/www.cusine.eu\/es\/index.php\/nuestro-departamento-de-logistica\/","og_site_name":"Ramon Cusin\u00e9 Hill","article_publisher":"https:\/\/www.facebook.com\/cusine.eu","article_published_time":"2021-02-16T17:10:29+00:00","og_image":[{"width":1024,"height":512,"url":"https:\/\/www.cusine.eu\/wp-content\/uploads\/2021\/02\/212001_XXSS_RCH_Post_Twitter6.jpg","type":"image\/jpeg"}],"author":"xavi","twitter_card":"summary_large_image","twitter_creator":"@cusine_eu","twitter_site":"@cusine_eu","twitter_misc":{"Escrito por":"xavi","Tiempo de lectura":"1 minuto"},"schema":{"@context":"https:\/\/schema.org","@graph":[{"@type":"Article","@id":"https:\/\/www.cusine.eu\/es\/index.php\/nuestro-departamento-de-logistica\/#article","isPartOf":{"@id":"https:\/\/www.cusine.eu\/es\/index.php\/nuestro-departamento-de-logistica\/"},"author":{"name":"xavi","@id":"https:\/\/www.cusine.eu\/#\/schema\/person\/64fa1c4f5e97060cbf9ff70e862f2b65"},"headline":"Nuestro departamento de log\u00edstica","datePublished":"2021-02-16T17:10:29+00:00","mainEntityOfPage":{"@id":"https:\/\/www.cusine.eu\/es\/index.php\/nuestro-departamento-de-logistica\/"},"wordCount":199,"publisher":{"@id":"https:\/\/www.cusine.eu\/#organization"},"image":{"@id":"https:\/\/www.cusine.eu\/es\/index.php\/nuestro-departamento-de-logistica\/#primaryimage"},"thumbnailUrl":"https:\/\/www.cusine.eu\/wp-content\/uploads\/2021\/02\/212001_XXSS_RCH_Post_Twitter6.jpg","keywords":["gps","transporte","transporte aereo","transporte mar\u00edtimo","transporte terrestre"],"articleSection":["logistica"],"inLanguage":"es"},{"@type":"WebPage","@id":"https:\/\/www.cusine.eu\/es\/index.php\/nuestro-departamento-de-logistica\/","url":"https:\/\/www.cusine.eu\/es\/index.php\/nuestro-departamento-de-logistica\/","name":"Nuestro departamento de log\u00edstica - Ramon Cusin\u00e9 Hill","isPartOf":{"@id":"https:\/\/www.cusine.eu\/#website"},"primaryImageOfPage":{"@id":"https:\/\/www.cusine.eu\/es\/index.php\/nuestro-departamento-de-logistica\/#primaryimage"},"image":{"@id":"https:\/\/www.cusine.eu\/es\/index.php\/nuestro-departamento-de-logistica\/#primaryimage"},"thumbnailUrl":"https:\/\/www.cusine.eu\/wp-content\/uploads\/2021\/02\/212001_XXSS_RCH_Post_Twitter6.jpg","datePublished":"2021-02-16T17:10:29+00:00","inLanguage":"es","potentialAction":[{"@type":"ReadAction","target":["https:\/\/www.cusine.eu\/es\/index.php\/nuestro-departamento-de-logistica\/"]}]},{"@type":"ImageObject","inLanguage":"es","@id":"https:\/\/www.cusine.eu\/es\/index.php\/nuestro-departamento-de-logistica\/#primaryimage","url":"https:\/\/www.cusine.eu\/wp-content\/uploads\/2021\/02\/212001_XXSS_RCH_Post_Twitter6.jpg","contentUrl":"https:\/\/www.cusine.eu\/wp-content\/uploads\/2021\/02\/212001_XXSS_RCH_Post_Twitter6.jpg","width":1024,"height":512,"caption":"Magatzem de Ramon Cusin\u00e9 Hill."},{"@type":"WebSite","@id":"https:\/\/www.cusine.eu\/#website","url":"https:\/\/www.cusine.eu\/","name":"Ramon Cusin\u00e9 Hill","description":"Global Raw Material Supplier","publisher":{"@id":"https:\/\/www.cusine.eu\/#organization"},"potentialAction":[{"@type":"SearchAction","target":{"@type":"EntryPoint","urlTemplate":"https:\/\/www.cusine.eu\/?s={search_term_string}"},"query-input":{"@type":"PropertyValueSpecification","valueRequired":true,"valueName":"search_term_string"}}],"inLanguage":"es"},{"@type":"Organization","@id":"https:\/\/www.cusine.eu\/#organization","name":"Ramon Cusin\u00e9 Hill","url":"https:\/\/www.cusine.eu\/","logo":{"@type":"ImageObject","inLanguage":"es","@id":"https:\/\/www.cusine.eu\/#\/schema\/logo\/image\/","url":"https:\/\/www.cusine.eu\/wp-content\/uploads\/2016\/01\/cropped-CUSINE__LOGO_principal_POSITIU__WEB-1.png","contentUrl":"https:\/\/www.cusine.eu\/wp-content\/uploads\/2016\/01\/cropped-CUSINE__LOGO_principal_POSITIU__WEB-1.png","width":362,"height":150,"caption":"Ramon Cusin\u00e9 Hill"},"image":{"@id":"https:\/\/www.cusine.eu\/#\/schema\/logo\/image\/"},"sameAs":["https:\/\/www.facebook.com\/cusine.eu","https:\/\/x.com\/cusine_eu","https:\/\/www.instagram.com\/cusine_eu\/"]},{"@type":"Person","@id":"https:\/\/www.cusine.eu\/#\/schema\/person\/64fa1c4f5e97060cbf9ff70e862f2b65","name":"xavi","image":{"@type":"ImageObject","inLanguage":"es","@id":"https:\/\/secure.gravatar.com\/avatar\/af05262cf3977d5a4bc00783fa3e3b46c9a21f242558177807e11e4cbc6dea2f?s=96&d=mm&r=g","url":"https:\/\/secure.gravatar.com\/avatar\/af05262cf3977d5a4bc00783fa3e3b46c9a21f242558177807e11e4cbc6dea2f?s=96&d=mm&r=g","contentUrl":"https:\/\/secure.gravatar.com\/avatar\/af05262cf3977d5a4bc00783fa3e3b46c9a21f242558177807e11e4cbc6dea2f?s=96&d=mm&r=g","caption":"xavi"},"url":"https:\/\/www.cusine.eu\/es\/index.php\/author\/xavi\/"}]}},"_links":{"self":[{"href":"https:\/\/www.cusine.eu\/es\/index.php\/wp-json\/wp\/v2\/posts\/3428","targetHints":{"allow":["GET"]}}],"collection":[{"href":"https:\/\/www.cusine.eu\/es\/index.php\/wp-json\/wp\/v2\/posts"}],"about":[{"href":"https:\/\/www.cusine.eu\/es\/index.php\/wp-json\/wp\/v2\/types\/post"}],"author":[{"embeddable":true,"href":"https:\/\/www.cusine.eu\/es\/index.php\/wp-json\/wp\/v2\/users\/1"}],"replies":[{"embeddable":true,"href":"https:\/\/www.cusine.eu\/es\/index.php\/wp-json\/wp\/v2\/comments?post=3428"}],"version-history":[{"count":1,"href":"https:\/\/www.cusine.eu\/es\/index.php\/wp-json\/wp\/v2\/posts\/3428\/revisions"}],"predecessor-version":[{"id":3429,"href":"https:\/\/www.cusine.eu\/es\/index.php\/wp-json\/wp\/v2\/posts\/3428\/revisions\/3429"}],"wp:featuredmedia":[{"embeddable":true,"href":"https:\/\/www.cusine.eu\/es\/index.php\/wp-json\/wp\/v2\/media\/3422"}],"wp:attachment":[{"href":"https:\/\/www.cusine.eu\/es\/index.php\/wp-json\/wp\/v2\/media?parent=3428"}],"wp:term":[{"taxonomy":"category","embeddable":true,"href":"https:\/\/www.cusine.eu\/es\/index.php\/wp-json\/wp\/v2\/categories?post=3428"},{"taxonomy":"post_tag","embeddable":true,"href":"https:\/\/www.cusine.eu\/es\/index.php\/wp-json\/wp\/v2\/tags?post=3428"}],"curies":[{"name":"wp","href":"https:\/\/api.w.org\/{rel}","templated":true}]}}