{"id":3546,"date":"2021-05-18T11:41:10","date_gmt":"2021-05-18T11:41:10","guid":{"rendered":"https:\/\/www.cusine.eu\/?p=3546"},"modified":"2021-05-18T11:41:50","modified_gmt":"2021-05-18T11:41:50","slug":"demostracion-harinera-zamorana-en-el-forn-de-santa-clara-barcelona","status":"publish","type":"post","link":"https:\/\/www.cusine.eu\/es\/index.php\/demostracion-harinera-zamorana-en-el-forn-de-santa-clara-barcelona\/","title":{"rendered":"Demostraci\u00f3n Harinera Zamorana en el Forn de Santa Clara Barcelona"},"content":{"rendered":"<p>\u00c9sta semana estamos visitando diferentes panader\u00edas con Florindo Fierro, maestro artesano.<\/p>\n<p>Con Florindo estamos presentado las harinas artesanales de Harinera Tradicional Zamorana, obtenidas de diferentes campos de trigo de Castilla y Le\u00f3n. Todas \u00e9stas harinas son harinas naturales, sin aditivos y con sello de calidad y origen.<\/p>\n<p>Ayer visitamos el Forn Santa Clara de Barcelona, d\u00f3nde Florindo hizo todas estos panes. Una autentica delicatessen!<\/p>\n<p>Pan elaborado con Harina de Centeno de Cerecinos.<br \/>\nPan elaborado con Harina Integral etiqueta roja de Cerecinos.<br \/>\nPan elaborado con Harina Tradicional Zamorana.<br \/>\nPan elaborado con Harina Tradicional Zamorana de Centeno, T80, con semillas tostadas.<br \/>\nPan elaborado con Harina de Espelta Integral de Cerecinos.<\/p>\n<p><img loading=\"lazy\" decoding=\"async\" class=\"alignnone size-full wp-image-3544\" src=\"https:\/\/www.cusine.eu\/wp-content\/uploads\/2021\/05\/PA-FET-AMB-FARINA-ESPELTA-INTEGRAL-DE-CERECINOS.jpg\" alt=\"\" width=\"2000\" height=\"900\" srcset=\"https:\/\/www.cusine.eu\/wp-content\/uploads\/2021\/05\/PA-FET-AMB-FARINA-ESPELTA-INTEGRAL-DE-CERECINOS.jpg 2000w, https:\/\/www.cusine.eu\/wp-content\/uploads\/2021\/05\/PA-FET-AMB-FARINA-ESPELTA-INTEGRAL-DE-CERECINOS-300x135.jpg 300w, https:\/\/www.cusine.eu\/wp-content\/uploads\/2021\/05\/PA-FET-AMB-FARINA-ESPELTA-INTEGRAL-DE-CERECINOS-1024x461.jpg 1024w, https:\/\/www.cusine.eu\/wp-content\/uploads\/2021\/05\/PA-FET-AMB-FARINA-ESPELTA-INTEGRAL-DE-CERECINOS-768x346.jpg 768w, https:\/\/www.cusine.eu\/wp-content\/uploads\/2021\/05\/PA-FET-AMB-FARINA-ESPELTA-INTEGRAL-DE-CERECINOS-1536x691.jpg 1536w, https:\/\/www.cusine.eu\/wp-content\/uploads\/2021\/05\/PA-FET-AMB-FARINA-ESPELTA-INTEGRAL-DE-CERECINOS-1280x576.jpg 1280w, https:\/\/www.cusine.eu\/wp-content\/uploads\/2021\/05\/PA-FET-AMB-FARINA-ESPELTA-INTEGRAL-DE-CERECINOS-1000x450.jpg 1000w\" sizes=\"auto, (max-width: 2000px) 100vw, 2000px\" \/> <img loading=\"lazy\" decoding=\"async\" class=\"alignnone size-full wp-image-3540\" src=\"https:\/\/www.cusine.eu\/wp-content\/uploads\/2021\/05\/PA-ELABORAT-AMB-HTZ.jpg\" alt=\"\" width=\"2000\" height=\"900\" srcset=\"https:\/\/www.cusine.eu\/wp-content\/uploads\/2021\/05\/PA-ELABORAT-AMB-HTZ.jpg 2000w, https:\/\/www.cusine.eu\/wp-content\/uploads\/2021\/05\/PA-ELABORAT-AMB-HTZ-300x135.jpg 300w, https:\/\/www.cusine.eu\/wp-content\/uploads\/2021\/05\/PA-ELABORAT-AMB-HTZ-1024x461.jpg 1024w, https:\/\/www.cusine.eu\/wp-content\/uploads\/2021\/05\/PA-ELABORAT-AMB-HTZ-768x346.jpg 768w, https:\/\/www.cusine.eu\/wp-content\/uploads\/2021\/05\/PA-ELABORAT-AMB-HTZ-1536x691.jpg 1536w, https:\/\/www.cusine.eu\/wp-content\/uploads\/2021\/05\/PA-ELABORAT-AMB-HTZ-1280x576.jpg 1280w, https:\/\/www.cusine.eu\/wp-content\/uploads\/2021\/05\/PA-ELABORAT-AMB-HTZ-1000x450.jpg 1000w\" sizes=\"auto, (max-width: 2000px) 100vw, 2000px\" \/> <img loading=\"lazy\" decoding=\"async\" class=\"alignnone size-full wp-image-3536\" src=\"https:\/\/www.cusine.eu\/wp-content\/uploads\/2021\/05\/PA-ELABORAT-AMB-htz-T-80-segol-amb-llavors-torrades.jpg\" alt=\"\" width=\"2000\" height=\"900\" srcset=\"https:\/\/www.cusine.eu\/wp-content\/uploads\/2021\/05\/PA-ELABORAT-AMB-htz-T-80-segol-amb-llavors-torrades.jpg 2000w, https:\/\/www.cusine.eu\/wp-content\/uploads\/2021\/05\/PA-ELABORAT-AMB-htz-T-80-segol-amb-llavors-torrades-300x135.jpg 300w, https:\/\/www.cusine.eu\/wp-content\/uploads\/2021\/05\/PA-ELABORAT-AMB-htz-T-80-segol-amb-llavors-torrades-1024x461.jpg 1024w, https:\/\/www.cusine.eu\/wp-content\/uploads\/2021\/05\/PA-ELABORAT-AMB-htz-T-80-segol-amb-llavors-torrades-768x346.jpg 768w, https:\/\/www.cusine.eu\/wp-content\/uploads\/2021\/05\/PA-ELABORAT-AMB-htz-T-80-segol-amb-llavors-torrades-1536x691.jpg 1536w, https:\/\/www.cusine.eu\/wp-content\/uploads\/2021\/05\/PA-ELABORAT-AMB-htz-T-80-segol-amb-llavors-torrades-1280x576.jpg 1280w, https:\/\/www.cusine.eu\/wp-content\/uploads\/2021\/05\/PA-ELABORAT-AMB-htz-T-80-segol-amb-llavors-torrades-1000x450.jpg 1000w\" sizes=\"auto, (max-width: 2000px) 100vw, 2000px\" \/> <img loading=\"lazy\" decoding=\"async\" class=\"alignnone size-full wp-image-3532\" src=\"https:\/\/www.cusine.eu\/wp-content\/uploads\/2021\/05\/PA-ELABORAT-AMB-FARINA-TRADICIONAL-ZAMORANA.jpg\" alt=\"\" width=\"1600\" height=\"720\" srcset=\"https:\/\/www.cusine.eu\/wp-content\/uploads\/2021\/05\/PA-ELABORAT-AMB-FARINA-TRADICIONAL-ZAMORANA.jpg 1600w, https:\/\/www.cusine.eu\/wp-content\/uploads\/2021\/05\/PA-ELABORAT-AMB-FARINA-TRADICIONAL-ZAMORANA-300x135.jpg 300w, https:\/\/www.cusine.eu\/wp-content\/uploads\/2021\/05\/PA-ELABORAT-AMB-FARINA-TRADICIONAL-ZAMORANA-1024x461.jpg 1024w, https:\/\/www.cusine.eu\/wp-content\/uploads\/2021\/05\/PA-ELABORAT-AMB-FARINA-TRADICIONAL-ZAMORANA-768x346.jpg 768w, https:\/\/www.cusine.eu\/wp-content\/uploads\/2021\/05\/PA-ELABORAT-AMB-FARINA-TRADICIONAL-ZAMORANA-1536x691.jpg 1536w, https:\/\/www.cusine.eu\/wp-content\/uploads\/2021\/05\/PA-ELABORAT-AMB-FARINA-TRADICIONAL-ZAMORANA-1280x576.jpg 1280w, https:\/\/www.cusine.eu\/wp-content\/uploads\/2021\/05\/PA-ELABORAT-AMB-FARINA-TRADICIONAL-ZAMORANA-1000x450.jpg 1000w\" sizes=\"auto, (max-width: 1600px) 100vw, 1600px\" \/> <img loading=\"lazy\" decoding=\"async\" class=\"alignnone size-full wp-image-3528\" src=\"https:\/\/www.cusine.eu\/wp-content\/uploads\/2021\/05\/PA-ELABORAT-AMB-FARINA-INTEGRAL-ETIQUETA-VERMELLA-DE-CERECINOS.jpg\" alt=\"\" width=\"2000\" height=\"900\" srcset=\"https:\/\/www.cusine.eu\/wp-content\/uploads\/2021\/05\/PA-ELABORAT-AMB-FARINA-INTEGRAL-ETIQUETA-VERMELLA-DE-CERECINOS.jpg 2000w, https:\/\/www.cusine.eu\/wp-content\/uploads\/2021\/05\/PA-ELABORAT-AMB-FARINA-INTEGRAL-ETIQUETA-VERMELLA-DE-CERECINOS-300x135.jpg 300w, https:\/\/www.cusine.eu\/wp-content\/uploads\/2021\/05\/PA-ELABORAT-AMB-FARINA-INTEGRAL-ETIQUETA-VERMELLA-DE-CERECINOS-1024x461.jpg 1024w, https:\/\/www.cusine.eu\/wp-content\/uploads\/2021\/05\/PA-ELABORAT-AMB-FARINA-INTEGRAL-ETIQUETA-VERMELLA-DE-CERECINOS-768x346.jpg 768w, https:\/\/www.cusine.eu\/wp-content\/uploads\/2021\/05\/PA-ELABORAT-AMB-FARINA-INTEGRAL-ETIQUETA-VERMELLA-DE-CERECINOS-1536x691.jpg 1536w, https:\/\/www.cusine.eu\/wp-content\/uploads\/2021\/05\/PA-ELABORAT-AMB-FARINA-INTEGRAL-ETIQUETA-VERMELLA-DE-CERECINOS-1280x576.jpg 1280w, https:\/\/www.cusine.eu\/wp-content\/uploads\/2021\/05\/PA-ELABORAT-AMB-FARINA-INTEGRAL-ETIQUETA-VERMELLA-DE-CERECINOS-1000x450.jpg 1000w\" sizes=\"auto, (max-width: 2000px) 100vw, 2000px\" \/><\/p>\n<div id=\"attachment_3524\" style=\"width: 2010px\" class=\"wp-caption alignnone\"><img loading=\"lazy\" decoding=\"async\" aria-describedby=\"caption-attachment-3524\" class=\"size-full wp-image-3524\" src=\"https:\/\/www.cusine.eu\/wp-content\/uploads\/2021\/05\/pa-elaborat-amb-farina-de-segol-de-cerecinos.jpg\" alt=\"Fotografia d'un pa elaborat amb Farina de Segol de Cerecinos\" width=\"2000\" height=\"900\" srcset=\"https:\/\/www.cusine.eu\/wp-content\/uploads\/2021\/05\/pa-elaborat-amb-farina-de-segol-de-cerecinos.jpg 2000w, https:\/\/www.cusine.eu\/wp-content\/uploads\/2021\/05\/pa-elaborat-amb-farina-de-segol-de-cerecinos-300x135.jpg 300w, https:\/\/www.cusine.eu\/wp-content\/uploads\/2021\/05\/pa-elaborat-amb-farina-de-segol-de-cerecinos-1024x461.jpg 1024w, https:\/\/www.cusine.eu\/wp-content\/uploads\/2021\/05\/pa-elaborat-amb-farina-de-segol-de-cerecinos-768x346.jpg 768w, https:\/\/www.cusine.eu\/wp-content\/uploads\/2021\/05\/pa-elaborat-amb-farina-de-segol-de-cerecinos-1536x691.jpg 1536w, https:\/\/www.cusine.eu\/wp-content\/uploads\/2021\/05\/pa-elaborat-amb-farina-de-segol-de-cerecinos-1280x576.jpg 1280w, https:\/\/www.cusine.eu\/wp-content\/uploads\/2021\/05\/pa-elaborat-amb-farina-de-segol-de-cerecinos-1000x450.jpg 1000w\" sizes=\"auto, (max-width: 2000px) 100vw, 2000px\" \/><p id=\"caption-attachment-3524\" class=\"wp-caption-text\">Pa de Farina de Segon de Cerecinos de Harinera Zamorana<\/p><\/div>\n","protected":false},"excerpt":{"rendered":"<p>\u00c9sta semana estamos visitando diferentes panader\u00edas con Florindo Fierro, maestro artesano. Con Florindo estamos presentado las harinas artesanales de Harinera Tradicional Zamorana, obtenidas de diferentes campos de trigo de Castilla y Le\u00f3n. Todas \u00e9stas harinas son harinas naturales, sin aditivos y con sello de calidad y origen. Ayer visitamos el Forn Santa Clara de Barcelona, d\u00f3nde Florindo hizo todas estos [&hellip;]<\/p>\n","protected":false},"author":1,"featured_media":3536,"comment_status":"closed","ping_status":"closed","sticky":false,"template":"","format":"standard","meta":{"footnotes":""},"categories":[6],"tags":[],"class_list":["post-3546","post","type-post","status-publish","format-standard","has-post-thumbnail","hentry","category-sin-categorizar"],"yoast_head":"<!-- This site is optimized with the Yoast SEO plugin v27.4 - https:\/\/yoast.com\/product\/yoast-seo-wordpress\/ -->\n<title>Demostraci\u00f3n Harinera Zamorana en el Forn de Santa Clara Barcelona - Ramon Cusin\u00e9 Hill<\/title>\n<meta name=\"robots\" content=\"index, follow, max-snippet:-1, max-image-preview:large, max-video-preview:-1\" \/>\n<link rel=\"canonical\" href=\"https:\/\/www.cusine.eu\/es\/index.php\/demostracion-harinera-zamorana-en-el-forn-de-santa-clara-barcelona\/\" \/>\n<meta property=\"og:locale\" content=\"es_ES\" \/>\n<meta property=\"og:type\" content=\"article\" \/>\n<meta property=\"og:title\" content=\"Demostraci\u00f3n Harinera Zamorana en el Forn de Santa Clara Barcelona - Ramon Cusin\u00e9 Hill\" \/>\n<meta property=\"og:description\" content=\"\u00c9sta semana estamos visitando diferentes panader\u00edas con Florindo Fierro, maestro artesano. Con Florindo estamos presentado las harinas artesanales de Harinera Tradicional Zamorana, obtenidas de diferentes campos de trigo de Castilla y Le\u00f3n. Todas \u00e9stas harinas son harinas naturales, sin aditivos y con sello de calidad y origen. Ayer visitamos el Forn Santa Clara de Barcelona, d\u00f3nde Florindo hizo todas estos [&hellip;]\" \/>\n<meta property=\"og:url\" content=\"https:\/\/www.cusine.eu\/es\/index.php\/demostracion-harinera-zamorana-en-el-forn-de-santa-clara-barcelona\/\" \/>\n<meta property=\"og:site_name\" content=\"Ramon Cusin\u00e9 Hill\" \/>\n<meta property=\"article:publisher\" content=\"https:\/\/www.facebook.com\/cusine.eu\" \/>\n<meta property=\"article:published_time\" content=\"2021-05-18T11:41:10+00:00\" \/>\n<meta property=\"article:modified_time\" content=\"2021-05-18T11:41:50+00:00\" \/>\n<meta property=\"og:image\" content=\"https:\/\/www.cusine.eu\/wp-content\/uploads\/2021\/05\/PA-ELABORAT-AMB-htz-T-80-segol-amb-llavors-torrades.jpg\" \/>\n\t<meta property=\"og:image:width\" content=\"2000\" \/>\n\t<meta property=\"og:image:height\" content=\"900\" \/>\n\t<meta property=\"og:image:type\" content=\"image\/jpeg\" \/>\n<meta name=\"author\" content=\"xavi\" \/>\n<meta name=\"twitter:card\" content=\"summary_large_image\" \/>\n<meta name=\"twitter:creator\" content=\"@cusine_eu\" \/>\n<meta name=\"twitter:site\" content=\"@cusine_eu\" \/>\n<meta name=\"twitter:label1\" content=\"Escrito por\" \/>\n\t<meta name=\"twitter:data1\" content=\"xavi\" \/>\n\t<meta name=\"twitter:label2\" content=\"Tiempo de lectura\" \/>\n\t<meta name=\"twitter:data2\" content=\"1 minuto\" \/>\n<script type=\"application\/ld+json\" class=\"yoast-schema-graph\">{\"@context\":\"https:\\\/\\\/schema.org\",\"@graph\":[{\"@type\":\"Article\",\"@id\":\"https:\\\/\\\/www.cusine.eu\\\/es\\\/index.php\\\/demostracion-harinera-zamorana-en-el-forn-de-santa-clara-barcelona\\\/#article\",\"isPartOf\":{\"@id\":\"https:\\\/\\\/www.cusine.eu\\\/es\\\/index.php\\\/demostracion-harinera-zamorana-en-el-forn-de-santa-clara-barcelona\\\/\"},\"author\":{\"name\":\"xavi\",\"@id\":\"https:\\\/\\\/www.cusine.eu\\\/#\\\/schema\\\/person\\\/64fa1c4f5e97060cbf9ff70e862f2b65\"},\"headline\":\"Demostraci\u00f3n Harinera Zamorana en el Forn de Santa Clara Barcelona\",\"datePublished\":\"2021-05-18T11:41:10+00:00\",\"dateModified\":\"2021-05-18T11:41:50+00:00\",\"mainEntityOfPage\":{\"@id\":\"https:\\\/\\\/www.cusine.eu\\\/es\\\/index.php\\\/demostracion-harinera-zamorana-en-el-forn-de-santa-clara-barcelona\\\/\"},\"wordCount\":139,\"publisher\":{\"@id\":\"https:\\\/\\\/www.cusine.eu\\\/#organization\"},\"image\":{\"@id\":\"https:\\\/\\\/www.cusine.eu\\\/es\\\/index.php\\\/demostracion-harinera-zamorana-en-el-forn-de-santa-clara-barcelona\\\/#primaryimage\"},\"thumbnailUrl\":\"https:\\\/\\\/www.cusine.eu\\\/wp-content\\\/uploads\\\/2021\\\/05\\\/PA-ELABORAT-AMB-htz-T-80-segol-amb-llavors-torrades.jpg\",\"articleSection\":[\"Sin categorizar\"],\"inLanguage\":\"es\"},{\"@type\":\"WebPage\",\"@id\":\"https:\\\/\\\/www.cusine.eu\\\/es\\\/index.php\\\/demostracion-harinera-zamorana-en-el-forn-de-santa-clara-barcelona\\\/\",\"url\":\"https:\\\/\\\/www.cusine.eu\\\/es\\\/index.php\\\/demostracion-harinera-zamorana-en-el-forn-de-santa-clara-barcelona\\\/\",\"name\":\"Demostraci\u00f3n Harinera Zamorana en el Forn de Santa Clara Barcelona - Ramon Cusin\u00e9 Hill\",\"isPartOf\":{\"@id\":\"https:\\\/\\\/www.cusine.eu\\\/#website\"},\"primaryImageOfPage\":{\"@id\":\"https:\\\/\\\/www.cusine.eu\\\/es\\\/index.php\\\/demostracion-harinera-zamorana-en-el-forn-de-santa-clara-barcelona\\\/#primaryimage\"},\"image\":{\"@id\":\"https:\\\/\\\/www.cusine.eu\\\/es\\\/index.php\\\/demostracion-harinera-zamorana-en-el-forn-de-santa-clara-barcelona\\\/#primaryimage\"},\"thumbnailUrl\":\"https:\\\/\\\/www.cusine.eu\\\/wp-content\\\/uploads\\\/2021\\\/05\\\/PA-ELABORAT-AMB-htz-T-80-segol-amb-llavors-torrades.jpg\",\"datePublished\":\"2021-05-18T11:41:10+00:00\",\"dateModified\":\"2021-05-18T11:41:50+00:00\",\"inLanguage\":\"es\",\"potentialAction\":[{\"@type\":\"ReadAction\",\"target\":[\"https:\\\/\\\/www.cusine.eu\\\/es\\\/index.php\\\/demostracion-harinera-zamorana-en-el-forn-de-santa-clara-barcelona\\\/\"]}]},{\"@type\":\"ImageObject\",\"inLanguage\":\"es\",\"@id\":\"https:\\\/\\\/www.cusine.eu\\\/es\\\/index.php\\\/demostracion-harinera-zamorana-en-el-forn-de-santa-clara-barcelona\\\/#primaryimage\",\"url\":\"https:\\\/\\\/www.cusine.eu\\\/wp-content\\\/uploads\\\/2021\\\/05\\\/PA-ELABORAT-AMB-htz-T-80-segol-amb-llavors-torrades.jpg\",\"contentUrl\":\"https:\\\/\\\/www.cusine.eu\\\/wp-content\\\/uploads\\\/2021\\\/05\\\/PA-ELABORAT-AMB-htz-T-80-segol-amb-llavors-torrades.jpg\",\"width\":2000,\"height\":900},{\"@type\":\"WebSite\",\"@id\":\"https:\\\/\\\/www.cusine.eu\\\/#website\",\"url\":\"https:\\\/\\\/www.cusine.eu\\\/\",\"name\":\"Ramon Cusin\u00e9 Hill\",\"description\":\"Global Raw Material Supplier\",\"publisher\":{\"@id\":\"https:\\\/\\\/www.cusine.eu\\\/#organization\"},\"potentialAction\":[{\"@type\":\"SearchAction\",\"target\":{\"@type\":\"EntryPoint\",\"urlTemplate\":\"https:\\\/\\\/www.cusine.eu\\\/?s={search_term_string}\"},\"query-input\":{\"@type\":\"PropertyValueSpecification\",\"valueRequired\":true,\"valueName\":\"search_term_string\"}}],\"inLanguage\":\"es\"},{\"@type\":\"Organization\",\"@id\":\"https:\\\/\\\/www.cusine.eu\\\/#organization\",\"name\":\"Ramon Cusin\u00e9 Hill\",\"url\":\"https:\\\/\\\/www.cusine.eu\\\/\",\"logo\":{\"@type\":\"ImageObject\",\"inLanguage\":\"es\",\"@id\":\"https:\\\/\\\/www.cusine.eu\\\/#\\\/schema\\\/logo\\\/image\\\/\",\"url\":\"https:\\\/\\\/www.cusine.eu\\\/wp-content\\\/uploads\\\/2016\\\/01\\\/cropped-CUSINE__LOGO_principal_POSITIU__WEB-1.png\",\"contentUrl\":\"https:\\\/\\\/www.cusine.eu\\\/wp-content\\\/uploads\\\/2016\\\/01\\\/cropped-CUSINE__LOGO_principal_POSITIU__WEB-1.png\",\"width\":362,\"height\":150,\"caption\":\"Ramon Cusin\u00e9 Hill\"},\"image\":{\"@id\":\"https:\\\/\\\/www.cusine.eu\\\/#\\\/schema\\\/logo\\\/image\\\/\"},\"sameAs\":[\"https:\\\/\\\/www.facebook.com\\\/cusine.eu\",\"https:\\\/\\\/x.com\\\/cusine_eu\",\"https:\\\/\\\/www.instagram.com\\\/cusine_eu\\\/\"]},{\"@type\":\"Person\",\"@id\":\"https:\\\/\\\/www.cusine.eu\\\/#\\\/schema\\\/person\\\/64fa1c4f5e97060cbf9ff70e862f2b65\",\"name\":\"xavi\",\"image\":{\"@type\":\"ImageObject\",\"inLanguage\":\"es\",\"@id\":\"https:\\\/\\\/secure.gravatar.com\\\/avatar\\\/af05262cf3977d5a4bc00783fa3e3b46c9a21f242558177807e11e4cbc6dea2f?s=96&d=mm&r=g\",\"url\":\"https:\\\/\\\/secure.gravatar.com\\\/avatar\\\/af05262cf3977d5a4bc00783fa3e3b46c9a21f242558177807e11e4cbc6dea2f?s=96&d=mm&r=g\",\"contentUrl\":\"https:\\\/\\\/secure.gravatar.com\\\/avatar\\\/af05262cf3977d5a4bc00783fa3e3b46c9a21f242558177807e11e4cbc6dea2f?s=96&d=mm&r=g\",\"caption\":\"xavi\"},\"url\":\"https:\\\/\\\/www.cusine.eu\\\/es\\\/index.php\\\/author\\\/xavi\\\/\"}]}<\/script>\n<!-- \/ Yoast SEO plugin. -->","yoast_head_json":{"title":"Demostraci\u00f3n Harinera Zamorana en el Forn de Santa Clara Barcelona - Ramon Cusin\u00e9 Hill","robots":{"index":"index","follow":"follow","max-snippet":"max-snippet:-1","max-image-preview":"max-image-preview:large","max-video-preview":"max-video-preview:-1"},"canonical":"https:\/\/www.cusine.eu\/es\/index.php\/demostracion-harinera-zamorana-en-el-forn-de-santa-clara-barcelona\/","og_locale":"es_ES","og_type":"article","og_title":"Demostraci\u00f3n Harinera Zamorana en el Forn de Santa Clara Barcelona - Ramon Cusin\u00e9 Hill","og_description":"\u00c9sta semana estamos visitando diferentes panader\u00edas con Florindo Fierro, maestro artesano. Con Florindo estamos presentado las harinas artesanales de Harinera Tradicional Zamorana, obtenidas de diferentes campos de trigo de Castilla y Le\u00f3n. Todas \u00e9stas harinas son harinas naturales, sin aditivos y con sello de calidad y origen. Ayer visitamos el Forn Santa Clara de Barcelona, d\u00f3nde Florindo hizo todas estos [&hellip;]","og_url":"https:\/\/www.cusine.eu\/es\/index.php\/demostracion-harinera-zamorana-en-el-forn-de-santa-clara-barcelona\/","og_site_name":"Ramon Cusin\u00e9 Hill","article_publisher":"https:\/\/www.facebook.com\/cusine.eu","article_published_time":"2021-05-18T11:41:10+00:00","article_modified_time":"2021-05-18T11:41:50+00:00","og_image":[{"width":2000,"height":900,"url":"https:\/\/www.cusine.eu\/wp-content\/uploads\/2021\/05\/PA-ELABORAT-AMB-htz-T-80-segol-amb-llavors-torrades.jpg","type":"image\/jpeg"}],"author":"xavi","twitter_card":"summary_large_image","twitter_creator":"@cusine_eu","twitter_site":"@cusine_eu","twitter_misc":{"Escrito por":"xavi","Tiempo de lectura":"1 minuto"},"schema":{"@context":"https:\/\/schema.org","@graph":[{"@type":"Article","@id":"https:\/\/www.cusine.eu\/es\/index.php\/demostracion-harinera-zamorana-en-el-forn-de-santa-clara-barcelona\/#article","isPartOf":{"@id":"https:\/\/www.cusine.eu\/es\/index.php\/demostracion-harinera-zamorana-en-el-forn-de-santa-clara-barcelona\/"},"author":{"name":"xavi","@id":"https:\/\/www.cusine.eu\/#\/schema\/person\/64fa1c4f5e97060cbf9ff70e862f2b65"},"headline":"Demostraci\u00f3n Harinera Zamorana en el Forn de Santa Clara Barcelona","datePublished":"2021-05-18T11:41:10+00:00","dateModified":"2021-05-18T11:41:50+00:00","mainEntityOfPage":{"@id":"https:\/\/www.cusine.eu\/es\/index.php\/demostracion-harinera-zamorana-en-el-forn-de-santa-clara-barcelona\/"},"wordCount":139,"publisher":{"@id":"https:\/\/www.cusine.eu\/#organization"},"image":{"@id":"https:\/\/www.cusine.eu\/es\/index.php\/demostracion-harinera-zamorana-en-el-forn-de-santa-clara-barcelona\/#primaryimage"},"thumbnailUrl":"https:\/\/www.cusine.eu\/wp-content\/uploads\/2021\/05\/PA-ELABORAT-AMB-htz-T-80-segol-amb-llavors-torrades.jpg","articleSection":["Sin categorizar"],"inLanguage":"es"},{"@type":"WebPage","@id":"https:\/\/www.cusine.eu\/es\/index.php\/demostracion-harinera-zamorana-en-el-forn-de-santa-clara-barcelona\/","url":"https:\/\/www.cusine.eu\/es\/index.php\/demostracion-harinera-zamorana-en-el-forn-de-santa-clara-barcelona\/","name":"Demostraci\u00f3n Harinera Zamorana en el Forn de Santa Clara Barcelona - Ramon Cusin\u00e9 Hill","isPartOf":{"@id":"https:\/\/www.cusine.eu\/#website"},"primaryImageOfPage":{"@id":"https:\/\/www.cusine.eu\/es\/index.php\/demostracion-harinera-zamorana-en-el-forn-de-santa-clara-barcelona\/#primaryimage"},"image":{"@id":"https:\/\/www.cusine.eu\/es\/index.php\/demostracion-harinera-zamorana-en-el-forn-de-santa-clara-barcelona\/#primaryimage"},"thumbnailUrl":"https:\/\/www.cusine.eu\/wp-content\/uploads\/2021\/05\/PA-ELABORAT-AMB-htz-T-80-segol-amb-llavors-torrades.jpg","datePublished":"2021-05-18T11:41:10+00:00","dateModified":"2021-05-18T11:41:50+00:00","inLanguage":"es","potentialAction":[{"@type":"ReadAction","target":["https:\/\/www.cusine.eu\/es\/index.php\/demostracion-harinera-zamorana-en-el-forn-de-santa-clara-barcelona\/"]}]},{"@type":"ImageObject","inLanguage":"es","@id":"https:\/\/www.cusine.eu\/es\/index.php\/demostracion-harinera-zamorana-en-el-forn-de-santa-clara-barcelona\/#primaryimage","url":"https:\/\/www.cusine.eu\/wp-content\/uploads\/2021\/05\/PA-ELABORAT-AMB-htz-T-80-segol-amb-llavors-torrades.jpg","contentUrl":"https:\/\/www.cusine.eu\/wp-content\/uploads\/2021\/05\/PA-ELABORAT-AMB-htz-T-80-segol-amb-llavors-torrades.jpg","width":2000,"height":900},{"@type":"WebSite","@id":"https:\/\/www.cusine.eu\/#website","url":"https:\/\/www.cusine.eu\/","name":"Ramon Cusin\u00e9 Hill","description":"Global Raw Material Supplier","publisher":{"@id":"https:\/\/www.cusine.eu\/#organization"},"potentialAction":[{"@type":"SearchAction","target":{"@type":"EntryPoint","urlTemplate":"https:\/\/www.cusine.eu\/?s={search_term_string}"},"query-input":{"@type":"PropertyValueSpecification","valueRequired":true,"valueName":"search_term_string"}}],"inLanguage":"es"},{"@type":"Organization","@id":"https:\/\/www.cusine.eu\/#organization","name":"Ramon Cusin\u00e9 Hill","url":"https:\/\/www.cusine.eu\/","logo":{"@type":"ImageObject","inLanguage":"es","@id":"https:\/\/www.cusine.eu\/#\/schema\/logo\/image\/","url":"https:\/\/www.cusine.eu\/wp-content\/uploads\/2016\/01\/cropped-CUSINE__LOGO_principal_POSITIU__WEB-1.png","contentUrl":"https:\/\/www.cusine.eu\/wp-content\/uploads\/2016\/01\/cropped-CUSINE__LOGO_principal_POSITIU__WEB-1.png","width":362,"height":150,"caption":"Ramon Cusin\u00e9 Hill"},"image":{"@id":"https:\/\/www.cusine.eu\/#\/schema\/logo\/image\/"},"sameAs":["https:\/\/www.facebook.com\/cusine.eu","https:\/\/x.com\/cusine_eu","https:\/\/www.instagram.com\/cusine_eu\/"]},{"@type":"Person","@id":"https:\/\/www.cusine.eu\/#\/schema\/person\/64fa1c4f5e97060cbf9ff70e862f2b65","name":"xavi","image":{"@type":"ImageObject","inLanguage":"es","@id":"https:\/\/secure.gravatar.com\/avatar\/af05262cf3977d5a4bc00783fa3e3b46c9a21f242558177807e11e4cbc6dea2f?s=96&d=mm&r=g","url":"https:\/\/secure.gravatar.com\/avatar\/af05262cf3977d5a4bc00783fa3e3b46c9a21f242558177807e11e4cbc6dea2f?s=96&d=mm&r=g","contentUrl":"https:\/\/secure.gravatar.com\/avatar\/af05262cf3977d5a4bc00783fa3e3b46c9a21f242558177807e11e4cbc6dea2f?s=96&d=mm&r=g","caption":"xavi"},"url":"https:\/\/www.cusine.eu\/es\/index.php\/author\/xavi\/"}]}},"_links":{"self":[{"href":"https:\/\/www.cusine.eu\/es\/index.php\/wp-json\/wp\/v2\/posts\/3546","targetHints":{"allow":["GET"]}}],"collection":[{"href":"https:\/\/www.cusine.eu\/es\/index.php\/wp-json\/wp\/v2\/posts"}],"about":[{"href":"https:\/\/www.cusine.eu\/es\/index.php\/wp-json\/wp\/v2\/types\/post"}],"author":[{"embeddable":true,"href":"https:\/\/www.cusine.eu\/es\/index.php\/wp-json\/wp\/v2\/users\/1"}],"replies":[{"embeddable":true,"href":"https:\/\/www.cusine.eu\/es\/index.php\/wp-json\/wp\/v2\/comments?post=3546"}],"version-history":[{"count":1,"href":"https:\/\/www.cusine.eu\/es\/index.php\/wp-json\/wp\/v2\/posts\/3546\/revisions"}],"predecessor-version":[{"id":3547,"href":"https:\/\/www.cusine.eu\/es\/index.php\/wp-json\/wp\/v2\/posts\/3546\/revisions\/3547"}],"wp:featuredmedia":[{"embeddable":true,"href":"https:\/\/www.cusine.eu\/es\/index.php\/wp-json\/wp\/v2\/media\/3536"}],"wp:attachment":[{"href":"https:\/\/www.cusine.eu\/es\/index.php\/wp-json\/wp\/v2\/media?parent=3546"}],"wp:term":[{"taxonomy":"category","embeddable":true,"href":"https:\/\/www.cusine.eu\/es\/index.php\/wp-json\/wp\/v2\/categories?post=3546"},{"taxonomy":"post_tag","embeddable":true,"href":"https:\/\/www.cusine.eu\/es\/index.php\/wp-json\/wp\/v2\/tags?post=3546"}],"curies":[{"name":"wp","href":"https:\/\/api.w.org\/{rel}","templated":true}]}}