{"id":3804,"date":"2021-10-13T14:59:38","date_gmt":"2021-10-13T14:59:38","guid":{"rendered":"https:\/\/www.cusine.eu\/?p=3804"},"modified":"2021-10-13T14:59:38","modified_gmt":"2021-10-13T14:59:38","slug":"ramon-cusine-hill-participara-en-el-barcelona-kapital-pa","status":"publish","type":"post","link":"https:\/\/www.cusine.eu\/es\/index.php\/ramon-cusine-hill-participara-en-el-barcelona-kapital-pa\/","title":{"rendered":"Ramon Cusin\u00e9 Hill participar\u00e1 en el Barcelona Kapital Pa"},"content":{"rendered":"<p>Ramon Cusin\u00e9 Hill participar\u00e1 en el <strong>Barcelona Kapital Pa<\/strong> que se celebrar\u00e1 los d\u00edas 15, 16 i 17 de octubre en la Estaci\u00f3 del Nord. Esta edici\u00f3n est\u00e1 dedicada a Eduard Crespo y esta organizada por <strong>Panatics<\/strong> y el <strong>Gremi de Flequers de Barcelona<\/strong>. En nuestro estand participaran los maestros panaderos Florindo Fierro y Josep Pascual.<\/p>\n<p>El viernes 15 de octubre, a las 15.00 h, el profesor <strong>Florindo Fierro<\/strong> elaborar\u00e1 los siguientes panes con las <a href=\"https:\/\/www.cusine.eu\/es\/productos\/harina\/\">harinas<\/a> de <strong>Molinos del Duero<\/strong>:<\/p>\n<ul>\n<li>Pan de vidrio con harinas germinades.<\/li>\n<li>Pan de espelta con ch\u00eda.<\/li>\n<li>Barra r\u00fastica del Pirineo.<\/li>\n<li>Pan de ma\u00edz.<\/li>\n<li>Pan de aceitunas.<\/li>\n<\/ul>\n<p>El s\u00e1bado 16 de octubre, a las 17.00 h, el profesor <strong>Josep Pascual<\/strong> elaborar\u00e1 panes decoratives con nuestra gama de <a href=\"https:\/\/www.cusine.eu\/es\/productos\/harina\/\">harinas Selecta<\/a>.<\/p>\n<p>Los horarios del congreso son los siguientes:<\/p>\n<ul>\n<li>Viernes 15 de octubre, de las 12.00 h hasta las 19.30 h.<\/li>\n<li>S\u00e1bado 16 de octubre, de las 10.00 h hasta las 19.30 h.<\/li>\n<li>Domingo 17 de octubre, de las 10.00 h hasta las 14.30 h.<\/li>\n<\/ul>\n<p>El s\u00e1bado, de las 10.00 h de la ma\u00f1ana hasta las 12.30 del mediod\u00eda se har\u00e1 un desayuno popular de pan con chocolate.<\/p>\n<p>\u00a1Esperamos que nos pod\u00e9is visitar!<\/p>\n","protected":false},"excerpt":{"rendered":"<p>Ramon Cusin\u00e9 Hill participar\u00e1 en el Barcelona Kapital Pa que se celebrar\u00e1 los d\u00edas 15, 16 i 17 de octubre en la Estaci\u00f3 del Nord. Esta edici\u00f3n est\u00e1 dedicada a Eduard Crespo y esta organizada por Panatics y el Gremi de Flequers de Barcelona. En nuestro estand participaran los maestros panaderos Florindo Fierro y Josep Pascual. El viernes 15 de [&hellip;]<\/p>\n","protected":false},"author":1,"featured_media":3802,"comment_status":"closed","ping_status":"closed","sticky":false,"template":"","format":"standard","meta":{"footnotes":""},"categories":[75,95],"tags":[107,104,106,105],"class_list":["post-3804","post","type-post","status-publish","format-standard","has-post-thumbnail","hentry","category-harina","category-pan","tag-barcelona-kapital-pa-es","tag-feria","tag-harina","tag-pan"],"yoast_head":"<!-- This site is optimized with the Yoast SEO plugin v27.4 - https:\/\/yoast.com\/product\/yoast-seo-wordpress\/ -->\n<title>Ramon Cusin\u00e9 Hill participar\u00e1 en el Barcelona Kapital Pa - Ramon Cusin\u00e9 Hill<\/title>\n<meta name=\"robots\" content=\"index, follow, max-snippet:-1, max-image-preview:large, max-video-preview:-1\" \/>\n<link rel=\"canonical\" href=\"https:\/\/www.cusine.eu\/es\/index.php\/ramon-cusine-hill-participara-en-el-barcelona-kapital-pa\/\" \/>\n<meta property=\"og:locale\" content=\"es_ES\" \/>\n<meta property=\"og:type\" content=\"article\" \/>\n<meta property=\"og:title\" content=\"Ramon Cusin\u00e9 Hill participar\u00e1 en el Barcelona Kapital Pa - Ramon Cusin\u00e9 Hill\" \/>\n<meta property=\"og:description\" content=\"Ramon Cusin\u00e9 Hill participar\u00e1 en el Barcelona Kapital Pa que se celebrar\u00e1 los d\u00edas 15, 16 i 17 de octubre en la Estaci\u00f3 del Nord. Esta edici\u00f3n est\u00e1 dedicada a Eduard Crespo y esta organizada por Panatics y el Gremi de Flequers de Barcelona. En nuestro estand participaran los maestros panaderos Florindo Fierro y Josep Pascual. El viernes 15 de [&hellip;]\" \/>\n<meta property=\"og:url\" content=\"https:\/\/www.cusine.eu\/es\/index.php\/ramon-cusine-hill-participara-en-el-barcelona-kapital-pa\/\" \/>\n<meta property=\"og:site_name\" content=\"Ramon Cusin\u00e9 Hill\" \/>\n<meta property=\"article:publisher\" content=\"https:\/\/www.facebook.com\/cusine.eu\" \/>\n<meta property=\"article:published_time\" content=\"2021-10-13T14:59:38+00:00\" \/>\n<meta property=\"og:image\" content=\"https:\/\/www.cusine.eu\/wp-content\/uploads\/2021\/10\/Barcelona-Kapital-Pa-1.png\" \/>\n\t<meta property=\"og:image:width\" content=\"500\" \/>\n\t<meta property=\"og:image:height\" content=\"396\" \/>\n\t<meta property=\"og:image:type\" content=\"image\/png\" \/>\n<meta name=\"author\" content=\"xavi\" \/>\n<meta name=\"twitter:card\" content=\"summary_large_image\" \/>\n<meta name=\"twitter:creator\" content=\"@cusine_eu\" \/>\n<meta name=\"twitter:site\" content=\"@cusine_eu\" \/>\n<meta name=\"twitter:label1\" content=\"Escrito por\" \/>\n\t<meta name=\"twitter:data1\" content=\"xavi\" \/>\n\t<meta name=\"twitter:label2\" content=\"Tiempo de lectura\" \/>\n\t<meta name=\"twitter:data2\" content=\"1 minuto\" \/>\n<script type=\"application\/ld+json\" class=\"yoast-schema-graph\">{\"@context\":\"https:\\\/\\\/schema.org\",\"@graph\":[{\"@type\":\"Article\",\"@id\":\"https:\\\/\\\/www.cusine.eu\\\/es\\\/index.php\\\/ramon-cusine-hill-participara-en-el-barcelona-kapital-pa\\\/#article\",\"isPartOf\":{\"@id\":\"https:\\\/\\\/www.cusine.eu\\\/es\\\/index.php\\\/ramon-cusine-hill-participara-en-el-barcelona-kapital-pa\\\/\"},\"author\":{\"name\":\"xavi\",\"@id\":\"https:\\\/\\\/www.cusine.eu\\\/#\\\/schema\\\/person\\\/64fa1c4f5e97060cbf9ff70e862f2b65\"},\"headline\":\"Ramon Cusin\u00e9 Hill participar\u00e1 en el Barcelona Kapital Pa\",\"datePublished\":\"2021-10-13T14:59:38+00:00\",\"mainEntityOfPage\":{\"@id\":\"https:\\\/\\\/www.cusine.eu\\\/es\\\/index.php\\\/ramon-cusine-hill-participara-en-el-barcelona-kapital-pa\\\/\"},\"wordCount\":196,\"publisher\":{\"@id\":\"https:\\\/\\\/www.cusine.eu\\\/#organization\"},\"image\":{\"@id\":\"https:\\\/\\\/www.cusine.eu\\\/es\\\/index.php\\\/ramon-cusine-hill-participara-en-el-barcelona-kapital-pa\\\/#primaryimage\"},\"thumbnailUrl\":\"https:\\\/\\\/www.cusine.eu\\\/wp-content\\\/uploads\\\/2021\\\/10\\\/Barcelona-Kapital-Pa-1.png\",\"keywords\":[\"Barcelona Kapital Pa\",\"Feria\",\"Harina\",\"Pan\"],\"articleSection\":[\"Harina\",\"Pan\"],\"inLanguage\":\"es\"},{\"@type\":\"WebPage\",\"@id\":\"https:\\\/\\\/www.cusine.eu\\\/es\\\/index.php\\\/ramon-cusine-hill-participara-en-el-barcelona-kapital-pa\\\/\",\"url\":\"https:\\\/\\\/www.cusine.eu\\\/es\\\/index.php\\\/ramon-cusine-hill-participara-en-el-barcelona-kapital-pa\\\/\",\"name\":\"Ramon Cusin\u00e9 Hill participar\u00e1 en el Barcelona Kapital Pa - Ramon Cusin\u00e9 Hill\",\"isPartOf\":{\"@id\":\"https:\\\/\\\/www.cusine.eu\\\/#website\"},\"primaryImageOfPage\":{\"@id\":\"https:\\\/\\\/www.cusine.eu\\\/es\\\/index.php\\\/ramon-cusine-hill-participara-en-el-barcelona-kapital-pa\\\/#primaryimage\"},\"image\":{\"@id\":\"https:\\\/\\\/www.cusine.eu\\\/es\\\/index.php\\\/ramon-cusine-hill-participara-en-el-barcelona-kapital-pa\\\/#primaryimage\"},\"thumbnailUrl\":\"https:\\\/\\\/www.cusine.eu\\\/wp-content\\\/uploads\\\/2021\\\/10\\\/Barcelona-Kapital-Pa-1.png\",\"datePublished\":\"2021-10-13T14:59:38+00:00\",\"inLanguage\":\"es\",\"potentialAction\":[{\"@type\":\"ReadAction\",\"target\":[\"https:\\\/\\\/www.cusine.eu\\\/es\\\/index.php\\\/ramon-cusine-hill-participara-en-el-barcelona-kapital-pa\\\/\"]}]},{\"@type\":\"ImageObject\",\"inLanguage\":\"es\",\"@id\":\"https:\\\/\\\/www.cusine.eu\\\/es\\\/index.php\\\/ramon-cusine-hill-participara-en-el-barcelona-kapital-pa\\\/#primaryimage\",\"url\":\"https:\\\/\\\/www.cusine.eu\\\/wp-content\\\/uploads\\\/2021\\\/10\\\/Barcelona-Kapital-Pa-1.png\",\"contentUrl\":\"https:\\\/\\\/www.cusine.eu\\\/wp-content\\\/uploads\\\/2021\\\/10\\\/Barcelona-Kapital-Pa-1.png\",\"width\":500,\"height\":396,\"caption\":\"Barcelona Kapital Pa \u00e9s un congr\u00e9s de\"},{\"@type\":\"WebSite\",\"@id\":\"https:\\\/\\\/www.cusine.eu\\\/#website\",\"url\":\"https:\\\/\\\/www.cusine.eu\\\/\",\"name\":\"Ramon Cusin\u00e9 Hill\",\"description\":\"Global Raw Material Supplier\",\"publisher\":{\"@id\":\"https:\\\/\\\/www.cusine.eu\\\/#organization\"},\"potentialAction\":[{\"@type\":\"SearchAction\",\"target\":{\"@type\":\"EntryPoint\",\"urlTemplate\":\"https:\\\/\\\/www.cusine.eu\\\/?s={search_term_string}\"},\"query-input\":{\"@type\":\"PropertyValueSpecification\",\"valueRequired\":true,\"valueName\":\"search_term_string\"}}],\"inLanguage\":\"es\"},{\"@type\":\"Organization\",\"@id\":\"https:\\\/\\\/www.cusine.eu\\\/#organization\",\"name\":\"Ramon Cusin\u00e9 Hill\",\"url\":\"https:\\\/\\\/www.cusine.eu\\\/\",\"logo\":{\"@type\":\"ImageObject\",\"inLanguage\":\"es\",\"@id\":\"https:\\\/\\\/www.cusine.eu\\\/#\\\/schema\\\/logo\\\/image\\\/\",\"url\":\"https:\\\/\\\/www.cusine.eu\\\/wp-content\\\/uploads\\\/2016\\\/01\\\/cropped-CUSINE__LOGO_principal_POSITIU__WEB-1.png\",\"contentUrl\":\"https:\\\/\\\/www.cusine.eu\\\/wp-content\\\/uploads\\\/2016\\\/01\\\/cropped-CUSINE__LOGO_principal_POSITIU__WEB-1.png\",\"width\":362,\"height\":150,\"caption\":\"Ramon Cusin\u00e9 Hill\"},\"image\":{\"@id\":\"https:\\\/\\\/www.cusine.eu\\\/#\\\/schema\\\/logo\\\/image\\\/\"},\"sameAs\":[\"https:\\\/\\\/www.facebook.com\\\/cusine.eu\",\"https:\\\/\\\/x.com\\\/cusine_eu\",\"https:\\\/\\\/www.instagram.com\\\/cusine_eu\\\/\"]},{\"@type\":\"Person\",\"@id\":\"https:\\\/\\\/www.cusine.eu\\\/#\\\/schema\\\/person\\\/64fa1c4f5e97060cbf9ff70e862f2b65\",\"name\":\"xavi\",\"image\":{\"@type\":\"ImageObject\",\"inLanguage\":\"es\",\"@id\":\"https:\\\/\\\/secure.gravatar.com\\\/avatar\\\/af05262cf3977d5a4bc00783fa3e3b46c9a21f242558177807e11e4cbc6dea2f?s=96&d=mm&r=g\",\"url\":\"https:\\\/\\\/secure.gravatar.com\\\/avatar\\\/af05262cf3977d5a4bc00783fa3e3b46c9a21f242558177807e11e4cbc6dea2f?s=96&d=mm&r=g\",\"contentUrl\":\"https:\\\/\\\/secure.gravatar.com\\\/avatar\\\/af05262cf3977d5a4bc00783fa3e3b46c9a21f242558177807e11e4cbc6dea2f?s=96&d=mm&r=g\",\"caption\":\"xavi\"},\"url\":\"https:\\\/\\\/www.cusine.eu\\\/es\\\/index.php\\\/author\\\/xavi\\\/\"}]}<\/script>\n<!-- \/ Yoast SEO plugin. -->","yoast_head_json":{"title":"Ramon Cusin\u00e9 Hill participar\u00e1 en el Barcelona Kapital Pa - Ramon Cusin\u00e9 Hill","robots":{"index":"index","follow":"follow","max-snippet":"max-snippet:-1","max-image-preview":"max-image-preview:large","max-video-preview":"max-video-preview:-1"},"canonical":"https:\/\/www.cusine.eu\/es\/index.php\/ramon-cusine-hill-participara-en-el-barcelona-kapital-pa\/","og_locale":"es_ES","og_type":"article","og_title":"Ramon Cusin\u00e9 Hill participar\u00e1 en el Barcelona Kapital Pa - Ramon Cusin\u00e9 Hill","og_description":"Ramon Cusin\u00e9 Hill participar\u00e1 en el Barcelona Kapital Pa que se celebrar\u00e1 los d\u00edas 15, 16 i 17 de octubre en la Estaci\u00f3 del Nord. Esta edici\u00f3n est\u00e1 dedicada a Eduard Crespo y esta organizada por Panatics y el Gremi de Flequers de Barcelona. En nuestro estand participaran los maestros panaderos Florindo Fierro y Josep Pascual. El viernes 15 de [&hellip;]","og_url":"https:\/\/www.cusine.eu\/es\/index.php\/ramon-cusine-hill-participara-en-el-barcelona-kapital-pa\/","og_site_name":"Ramon Cusin\u00e9 Hill","article_publisher":"https:\/\/www.facebook.com\/cusine.eu","article_published_time":"2021-10-13T14:59:38+00:00","og_image":[{"width":500,"height":396,"url":"https:\/\/www.cusine.eu\/wp-content\/uploads\/2021\/10\/Barcelona-Kapital-Pa-1.png","type":"image\/png"}],"author":"xavi","twitter_card":"summary_large_image","twitter_creator":"@cusine_eu","twitter_site":"@cusine_eu","twitter_misc":{"Escrito por":"xavi","Tiempo de lectura":"1 minuto"},"schema":{"@context":"https:\/\/schema.org","@graph":[{"@type":"Article","@id":"https:\/\/www.cusine.eu\/es\/index.php\/ramon-cusine-hill-participara-en-el-barcelona-kapital-pa\/#article","isPartOf":{"@id":"https:\/\/www.cusine.eu\/es\/index.php\/ramon-cusine-hill-participara-en-el-barcelona-kapital-pa\/"},"author":{"name":"xavi","@id":"https:\/\/www.cusine.eu\/#\/schema\/person\/64fa1c4f5e97060cbf9ff70e862f2b65"},"headline":"Ramon Cusin\u00e9 Hill participar\u00e1 en el Barcelona Kapital Pa","datePublished":"2021-10-13T14:59:38+00:00","mainEntityOfPage":{"@id":"https:\/\/www.cusine.eu\/es\/index.php\/ramon-cusine-hill-participara-en-el-barcelona-kapital-pa\/"},"wordCount":196,"publisher":{"@id":"https:\/\/www.cusine.eu\/#organization"},"image":{"@id":"https:\/\/www.cusine.eu\/es\/index.php\/ramon-cusine-hill-participara-en-el-barcelona-kapital-pa\/#primaryimage"},"thumbnailUrl":"https:\/\/www.cusine.eu\/wp-content\/uploads\/2021\/10\/Barcelona-Kapital-Pa-1.png","keywords":["Barcelona Kapital Pa","Feria","Harina","Pan"],"articleSection":["Harina","Pan"],"inLanguage":"es"},{"@type":"WebPage","@id":"https:\/\/www.cusine.eu\/es\/index.php\/ramon-cusine-hill-participara-en-el-barcelona-kapital-pa\/","url":"https:\/\/www.cusine.eu\/es\/index.php\/ramon-cusine-hill-participara-en-el-barcelona-kapital-pa\/","name":"Ramon Cusin\u00e9 Hill participar\u00e1 en el Barcelona Kapital Pa - Ramon Cusin\u00e9 Hill","isPartOf":{"@id":"https:\/\/www.cusine.eu\/#website"},"primaryImageOfPage":{"@id":"https:\/\/www.cusine.eu\/es\/index.php\/ramon-cusine-hill-participara-en-el-barcelona-kapital-pa\/#primaryimage"},"image":{"@id":"https:\/\/www.cusine.eu\/es\/index.php\/ramon-cusine-hill-participara-en-el-barcelona-kapital-pa\/#primaryimage"},"thumbnailUrl":"https:\/\/www.cusine.eu\/wp-content\/uploads\/2021\/10\/Barcelona-Kapital-Pa-1.png","datePublished":"2021-10-13T14:59:38+00:00","inLanguage":"es","potentialAction":[{"@type":"ReadAction","target":["https:\/\/www.cusine.eu\/es\/index.php\/ramon-cusine-hill-participara-en-el-barcelona-kapital-pa\/"]}]},{"@type":"ImageObject","inLanguage":"es","@id":"https:\/\/www.cusine.eu\/es\/index.php\/ramon-cusine-hill-participara-en-el-barcelona-kapital-pa\/#primaryimage","url":"https:\/\/www.cusine.eu\/wp-content\/uploads\/2021\/10\/Barcelona-Kapital-Pa-1.png","contentUrl":"https:\/\/www.cusine.eu\/wp-content\/uploads\/2021\/10\/Barcelona-Kapital-Pa-1.png","width":500,"height":396,"caption":"Barcelona Kapital Pa \u00e9s un congr\u00e9s de"},{"@type":"WebSite","@id":"https:\/\/www.cusine.eu\/#website","url":"https:\/\/www.cusine.eu\/","name":"Ramon Cusin\u00e9 Hill","description":"Global Raw Material Supplier","publisher":{"@id":"https:\/\/www.cusine.eu\/#organization"},"potentialAction":[{"@type":"SearchAction","target":{"@type":"EntryPoint","urlTemplate":"https:\/\/www.cusine.eu\/?s={search_term_string}"},"query-input":{"@type":"PropertyValueSpecification","valueRequired":true,"valueName":"search_term_string"}}],"inLanguage":"es"},{"@type":"Organization","@id":"https:\/\/www.cusine.eu\/#organization","name":"Ramon Cusin\u00e9 Hill","url":"https:\/\/www.cusine.eu\/","logo":{"@type":"ImageObject","inLanguage":"es","@id":"https:\/\/www.cusine.eu\/#\/schema\/logo\/image\/","url":"https:\/\/www.cusine.eu\/wp-content\/uploads\/2016\/01\/cropped-CUSINE__LOGO_principal_POSITIU__WEB-1.png","contentUrl":"https:\/\/www.cusine.eu\/wp-content\/uploads\/2016\/01\/cropped-CUSINE__LOGO_principal_POSITIU__WEB-1.png","width":362,"height":150,"caption":"Ramon Cusin\u00e9 Hill"},"image":{"@id":"https:\/\/www.cusine.eu\/#\/schema\/logo\/image\/"},"sameAs":["https:\/\/www.facebook.com\/cusine.eu","https:\/\/x.com\/cusine_eu","https:\/\/www.instagram.com\/cusine_eu\/"]},{"@type":"Person","@id":"https:\/\/www.cusine.eu\/#\/schema\/person\/64fa1c4f5e97060cbf9ff70e862f2b65","name":"xavi","image":{"@type":"ImageObject","inLanguage":"es","@id":"https:\/\/secure.gravatar.com\/avatar\/af05262cf3977d5a4bc00783fa3e3b46c9a21f242558177807e11e4cbc6dea2f?s=96&d=mm&r=g","url":"https:\/\/secure.gravatar.com\/avatar\/af05262cf3977d5a4bc00783fa3e3b46c9a21f242558177807e11e4cbc6dea2f?s=96&d=mm&r=g","contentUrl":"https:\/\/secure.gravatar.com\/avatar\/af05262cf3977d5a4bc00783fa3e3b46c9a21f242558177807e11e4cbc6dea2f?s=96&d=mm&r=g","caption":"xavi"},"url":"https:\/\/www.cusine.eu\/es\/index.php\/author\/xavi\/"}]}},"_links":{"self":[{"href":"https:\/\/www.cusine.eu\/es\/index.php\/wp-json\/wp\/v2\/posts\/3804","targetHints":{"allow":["GET"]}}],"collection":[{"href":"https:\/\/www.cusine.eu\/es\/index.php\/wp-json\/wp\/v2\/posts"}],"about":[{"href":"https:\/\/www.cusine.eu\/es\/index.php\/wp-json\/wp\/v2\/types\/post"}],"author":[{"embeddable":true,"href":"https:\/\/www.cusine.eu\/es\/index.php\/wp-json\/wp\/v2\/users\/1"}],"replies":[{"embeddable":true,"href":"https:\/\/www.cusine.eu\/es\/index.php\/wp-json\/wp\/v2\/comments?post=3804"}],"version-history":[{"count":1,"href":"https:\/\/www.cusine.eu\/es\/index.php\/wp-json\/wp\/v2\/posts\/3804\/revisions"}],"predecessor-version":[{"id":3805,"href":"https:\/\/www.cusine.eu\/es\/index.php\/wp-json\/wp\/v2\/posts\/3804\/revisions\/3805"}],"wp:featuredmedia":[{"embeddable":true,"href":"https:\/\/www.cusine.eu\/es\/index.php\/wp-json\/wp\/v2\/media\/3802"}],"wp:attachment":[{"href":"https:\/\/www.cusine.eu\/es\/index.php\/wp-json\/wp\/v2\/media?parent=3804"}],"wp:term":[{"taxonomy":"category","embeddable":true,"href":"https:\/\/www.cusine.eu\/es\/index.php\/wp-json\/wp\/v2\/categories?post=3804"},{"taxonomy":"post_tag","embeddable":true,"href":"https:\/\/www.cusine.eu\/es\/index.php\/wp-json\/wp\/v2\/tags?post=3804"}],"curies":[{"name":"wp","href":"https:\/\/api.w.org\/{rel}","templated":true}]}}