{"id":4261,"date":"2021-11-22T15:21:20","date_gmt":"2021-11-22T15:21:20","guid":{"rendered":"https:\/\/www.cusine.eu\/?p=4261"},"modified":"2021-11-22T15:21:20","modified_gmt":"2021-11-22T15:21:20","slug":"los-productos-backaldrin-para-panaderias-y-pastelerias-aterrizan-en-mallorca","status":"publish","type":"post","link":"https:\/\/www.cusine.eu\/es\/index.php\/los-productos-backaldrin-para-panaderias-y-pastelerias-aterrizan-en-mallorca\/","title":{"rendered":"\u00a1Los productos Backaldrin para panader\u00edas y pasteler\u00edas aterrizan en Mallorca!"},"content":{"rendered":"<p>El mi\u00e9rcoles pasado, 17 de noviembre del 2021, viajamos hacia Mallorca para hacer una presentaci\u00f3n de toda la gama de productos <strong>Backaldrin<\/strong>. Esta presentaci\u00f3n se hizo en el Forn Fornaris. Des de Ramon Cusin\u00e9 Hill estamos muy agradecidos por la cesi\u00f3n de este espacio.<\/p>\n<div id=\"attachment_4243\" style=\"width: 1610px\" class=\"wp-caption alignnone\"><img loading=\"lazy\" decoding=\"async\" aria-describedby=\"caption-attachment-4243\" class=\"size-full wp-image-4243\" src=\"https:\/\/www.cusine.eu\/wp-content\/uploads\/2021\/11\/Assistents-a-la-presentacio-de-productes-Backaldrin-Mallorca.jpg\" alt=\"Fotografia de la  presentaci\u00f3 de productes Backaldrin a Mallorca\" width=\"1600\" height=\"900\" srcset=\"https:\/\/www.cusine.eu\/wp-content\/uploads\/2021\/11\/Assistents-a-la-presentacio-de-productes-Backaldrin-Mallorca.jpg 1600w, https:\/\/www.cusine.eu\/wp-content\/uploads\/2021\/11\/Assistents-a-la-presentacio-de-productes-Backaldrin-Mallorca-300x169.jpg 300w, https:\/\/www.cusine.eu\/wp-content\/uploads\/2021\/11\/Assistents-a-la-presentacio-de-productes-Backaldrin-Mallorca-1024x576.jpg 1024w, https:\/\/www.cusine.eu\/wp-content\/uploads\/2021\/11\/Assistents-a-la-presentacio-de-productes-Backaldrin-Mallorca-768x432.jpg 768w, https:\/\/www.cusine.eu\/wp-content\/uploads\/2021\/11\/Assistents-a-la-presentacio-de-productes-Backaldrin-Mallorca-1536x864.jpg 1536w, https:\/\/www.cusine.eu\/wp-content\/uploads\/2021\/11\/Assistents-a-la-presentacio-de-productes-Backaldrin-Mallorca-1280x720.jpg 1280w, https:\/\/www.cusine.eu\/wp-content\/uploads\/2021\/11\/Assistents-a-la-presentacio-de-productes-Backaldrin-Mallorca-1000x563.jpg 1000w\" sizes=\"auto, (max-width: 1600px) 100vw, 1600px\" \/><p id=\"caption-attachment-4243\" class=\"wp-caption-text\">Els productes Backaldrin van ser presentat al Forn Fornaris<\/p><\/div>\n<p>Backaldrin es una marca austr\u00edaca que ofrece diferentes soluciones para las <strong>panader\u00edas y pasteler\u00edas<\/strong>. Algunos de los productos son los siguientes:<\/p>\n<h2>Pasteler\u00eda<\/h2>\n<ul>\n<li>Pastel de Espelta.<\/li>\n<li>Vienes Cake Mix.<\/li>\n<li>Premium Muffin.<\/li>\n<li>Pastel Urkorn Cake.<\/li>\n<li>Galletas Deluxe Biskuit.<\/li>\n<li>Pastel Sacher Mix.<\/li>\n<li>Brownie Mix.<\/li>\n<li>Berlinas Donut World Wide.<\/li>\n<li>Granulado de lim\u00f3n natural Zitrobella.<\/li>\n<li>Fondant en polvo.<\/li>\n<\/ul>\n<h2>Ingredientes<\/h2>\n<ul>\n<li>Panes de semillas.<\/li>\n<li>Espelta con uva.<\/li>\n<li>Epelta i miel.<\/li>\n<li>Pan integral con trigo de p\u00farpura Pur Pur Mix.<\/li>\n<li>Pan de ma\u00edz Maize Mix<\/li>\n<li>Pan de centeno r\u00fastico RyeMix.<\/li>\n<li>Pan de quinoa y amaranto Life Power Mix.<\/li>\n<li>Pan de semillas de chia Chia Mix.<\/li>\n<li>Pan de semillas sin levadura Vegipan.<\/li>\n<li>Pan r\u00fastico con vitaminas y minerales MammaMia.<\/li>\n<li>Pan de la biblia Bible Mix.<\/li>\n<li>Pan r\u00fastico.<\/li>\n<li>Ingredientes para la elaboraci\u00f3n de productos con alto contenido de harinas integrales, fibras y prote\u00ednas.<\/li>\n<li>Ingredientes para la elaboraci\u00f3n de pan con aromas y sabores distintos.<\/li>\n<li>Sal para decorar Streusalz.<\/li>\n<li>Pan Urkorn para la elaboraci\u00f3n de pan de semillas ancestrales.<\/li>\n<li>Ingredientes para la elaboraci\u00f3n de pan de prote\u00ednas.<\/li>\n<\/ul>\n<h2>Mejorantes<\/h2>\n<ul>\n<li>Mejorante concentrado en polvo para todo tipo de procesos Saturnus LC.<\/li>\n<li>Mejorante en polvo para la elaboraci\u00f3n de pan y boller\u00eda Artipan.<\/li>\n<li>Mejorante en polvo para la fermentaci\u00f3n controlada y retardada Contropan.<\/li>\n<li>Mejorante enzim\u00e1tico en polvo para la elaboraci\u00f3n de pan y boller\u00eda Strablebake.<\/li>\n<li>Masa madre de centeno l\u00edquida inactiva Bas light.<\/li>\n<li>Masa madre de centeno deshidratada inactiva en polvo Bas T<\/li>\n<li>Sustituto de masa madre no activa XXL Fresh.<\/li>\n<li>Harina tratada t\u00e9rmicamente (centeno y ma\u00edz) Quelistar.<\/li>\n<\/ul>\n<h2>Productos bio<\/h2>\n<h3>Pan<\/h3>\n<ul>\n<li>Pan para la elaboraci\u00f3n de panes de semillas Kornmix.<\/li>\n<li>Para la elaboraci\u00f3n de panes de semillas ancestrales bio Ancient grain Bio.<\/li>\n<li>Para la elaboraci\u00f3n de pan integral con trigo p\u00farpura bio Pur Pur Mix Bio.P<\/li>\n<li>Para la elaboraci\u00f3n de pan de espelta integral Bio Espelta Integral Mix Bio.<\/li>\n<\/ul>\n<h3>Pasteler\u00eda<\/h3>\n<ul>\n<li>Para la elaboraci\u00f3n de pasteles Cake Mix Bio.<\/li>\n<li>Para la elaboraci\u00f3n de pasteles i pastel de espelta integral bio.<\/li>\n<\/ul>\n<h3>Mejorantes<\/h3>\n<ul>\n<li>Mejorante bio en polvo para todo tipo de procesos Ferma Gu Bio.<\/li>\n<li>Mejorante bio en polvo para todo tipo de elaboraci\u00f3n de pan y boller\u00eda sin acido asc\u00f3rbico Ferma GU 3% Bio.<\/li>\n<li>Mejorante bio en polvo Improver 3% Bio.<\/li>\n<li>Masa madre de centeno integral deshidratada inactiva bio Tast T Bio.<\/li>\n<li>Masa madre de trigo deshidratada inactiva bio Bas W Bio.<\/li>\n<\/ul>\n<h3>Otros<\/h3>\n<ul>\n<li>Harina tratada t\u00e9rmicamente trigo bio Quellstar Bio.<\/li>\n<li>Harina de malta de centeno tostada bio Rogana Bio.<\/li>\n<\/ul>\n<p>C\u00f3mo pod\u00e9is ver en las fotograf\u00edas, los resultados son realmente sorprendentes y demuestran la gran calidad de los productos Backaldrin.<\/p>\n<div id=\"attachment_4251\" style=\"width: 1610px\" class=\"wp-caption alignnone\"><img loading=\"lazy\" decoding=\"async\" aria-describedby=\"caption-attachment-4251\" class=\"size-full wp-image-4251\" src=\"https:\/\/www.cusine.eu\/wp-content\/uploads\/2021\/11\/Diferents-assistents-a-la-presentacio-de-productes-backaldrin-Mallorca.jpg\" alt=\"Fotografia de la demostraci\u00f3 de productes Backaldrin a Mallorca\" width=\"1600\" height=\"900\" srcset=\"https:\/\/www.cusine.eu\/wp-content\/uploads\/2021\/11\/Diferents-assistents-a-la-presentacio-de-productes-backaldrin-Mallorca.jpg 1600w, https:\/\/www.cusine.eu\/wp-content\/uploads\/2021\/11\/Diferents-assistents-a-la-presentacio-de-productes-backaldrin-Mallorca-300x169.jpg 300w, https:\/\/www.cusine.eu\/wp-content\/uploads\/2021\/11\/Diferents-assistents-a-la-presentacio-de-productes-backaldrin-Mallorca-1024x576.jpg 1024w, https:\/\/www.cusine.eu\/wp-content\/uploads\/2021\/11\/Diferents-assistents-a-la-presentacio-de-productes-backaldrin-Mallorca-768x432.jpg 768w, https:\/\/www.cusine.eu\/wp-content\/uploads\/2021\/11\/Diferents-assistents-a-la-presentacio-de-productes-backaldrin-Mallorca-1536x864.jpg 1536w, https:\/\/www.cusine.eu\/wp-content\/uploads\/2021\/11\/Diferents-assistents-a-la-presentacio-de-productes-backaldrin-Mallorca-1280x720.jpg 1280w, https:\/\/www.cusine.eu\/wp-content\/uploads\/2021\/11\/Diferents-assistents-a-la-presentacio-de-productes-backaldrin-Mallorca-1000x563.jpg 1000w\" sizes=\"auto, (max-width: 1600px) 100vw, 1600px\" \/><p id=\"caption-attachment-4251\" class=\"wp-caption-text\">La demostraci\u00f3 de productes Backaldrin a Mallorca va ser molt concorreguda<\/p><\/div>\n<div id=\"attachment_4255\" style=\"width: 1610px\" class=\"wp-caption alignnone\"><img loading=\"lazy\" decoding=\"async\" aria-describedby=\"caption-attachment-4255\" class=\"size-full wp-image-4255\" src=\"https:\/\/www.cusine.eu\/wp-content\/uploads\/2021\/11\/Diferents-productes-Backaldrin-Mallorca.jpg\" alt=\"Fotografia de la demostraci\u00f3 de productes Backaldrin a Mallorca\" width=\"1600\" height=\"900\" srcset=\"https:\/\/www.cusine.eu\/wp-content\/uploads\/2021\/11\/Diferents-productes-Backaldrin-Mallorca.jpg 1600w, https:\/\/www.cusine.eu\/wp-content\/uploads\/2021\/11\/Diferents-productes-Backaldrin-Mallorca-300x169.jpg 300w, https:\/\/www.cusine.eu\/wp-content\/uploads\/2021\/11\/Diferents-productes-Backaldrin-Mallorca-1024x576.jpg 1024w, https:\/\/www.cusine.eu\/wp-content\/uploads\/2021\/11\/Diferents-productes-Backaldrin-Mallorca-768x432.jpg 768w, https:\/\/www.cusine.eu\/wp-content\/uploads\/2021\/11\/Diferents-productes-Backaldrin-Mallorca-1536x864.jpg 1536w, https:\/\/www.cusine.eu\/wp-content\/uploads\/2021\/11\/Diferents-productes-Backaldrin-Mallorca-1280x720.jpg 1280w, https:\/\/www.cusine.eu\/wp-content\/uploads\/2021\/11\/Diferents-productes-Backaldrin-Mallorca-1000x563.jpg 1000w\" sizes=\"auto, (max-width: 1600px) 100vw, 1600px\" \/><p id=\"caption-attachment-4255\" class=\"wp-caption-text\">La presentaci\u00f3 de productes Backaldrin va ser impartida per Joan Piferrer i Pere Justo<\/p><\/div>\n<p>Nuestros productos Backaldrin est\u00e1n distruidos en las Islas Baleares por Hijos de Ram\u00f3n Oliver. Si no sois de las Islas Baleares y est\u00e1is interesados en recibir m\u00e1s informaci\u00f3n de nuestros productos Backaldrin, contactad con <a href=\"mailto:customerservice@rcusine.com\">customerservice@rcusine.com<\/a> o llamad al 938 921 688.<\/p>\n","protected":false},"excerpt":{"rendered":"<p>El mi\u00e9rcoles pasado, 17 de noviembre del 2021, viajamos hacia Mallorca para hacer una presentaci\u00f3n de toda la gama de productos Backaldrin. Esta presentaci\u00f3n se hizo en el Forn Fornaris. Des de Ramon Cusin\u00e9 Hill estamos muy agradecidos por la cesi\u00f3n de este espacio. Backaldrin es una marca austr\u00edaca que ofrece diferentes soluciones para las panader\u00edas y pasteler\u00edas. Algunos de [&hellip;]<\/p>\n","protected":false},"author":1,"featured_media":4259,"comment_status":"closed","ping_status":"closed","sticky":false,"template":"","format":"standard","meta":{"footnotes":""},"categories":[87],"tags":[221,220,219,229,230,226,223,225,227,224,228,222,189],"class_list":["post-4261","post","type-post","status-publish","format-standard","has-post-thumbnail","hentry","category-backaldrin-es","tag-berlinas","tag-brownie","tag-galletas","tag-masa-madre","tag-muffin-es","tag-pan-de-centeno","tag-pan-de-espelta","tag-pan-de-maiz","tag-pan-de-quinoa-y-amaranto","tag-pan-integral","tag-pan-rustico","tag-panes-de-semillas","tag-pastel-de-espelta"],"yoast_head":"<!-- This site is optimized with the Yoast SEO plugin v27.4 - https:\/\/yoast.com\/product\/yoast-seo-wordpress\/ -->\n<title>\u00a1Los productos Backaldrin para panader\u00edas y pasteler\u00edas aterrizan en Mallorca! - Ramon Cusin\u00e9 Hill<\/title>\n<meta name=\"robots\" content=\"index, follow, max-snippet:-1, max-image-preview:large, max-video-preview:-1\" \/>\n<link rel=\"canonical\" href=\"https:\/\/www.cusine.eu\/es\/index.php\/los-productos-backaldrin-para-panaderias-y-pastelerias-aterrizan-en-mallorca\/\" \/>\n<meta property=\"og:locale\" content=\"es_ES\" \/>\n<meta property=\"og:type\" content=\"article\" \/>\n<meta property=\"og:title\" content=\"\u00a1Los productos Backaldrin para panader\u00edas y pasteler\u00edas aterrizan en Mallorca! - Ramon Cusin\u00e9 Hill\" \/>\n<meta property=\"og:description\" content=\"El mi\u00e9rcoles pasado, 17 de noviembre del 2021, viajamos hacia Mallorca para hacer una presentaci\u00f3n de toda la gama de productos Backaldrin. Esta presentaci\u00f3n se hizo en el Forn Fornaris. Des de Ramon Cusin\u00e9 Hill estamos muy agradecidos por la cesi\u00f3n de este espacio. Backaldrin es una marca austr\u00edaca que ofrece diferentes soluciones para las panader\u00edas y pasteler\u00edas. Algunos de [&hellip;]\" \/>\n<meta property=\"og:url\" content=\"https:\/\/www.cusine.eu\/es\/index.php\/los-productos-backaldrin-para-panaderias-y-pastelerias-aterrizan-en-mallorca\/\" \/>\n<meta property=\"og:site_name\" content=\"Ramon Cusin\u00e9 Hill\" \/>\n<meta property=\"article:publisher\" content=\"https:\/\/www.facebook.com\/cusine.eu\" \/>\n<meta property=\"article:published_time\" content=\"2021-11-22T15:21:20+00:00\" \/>\n<meta property=\"og:image\" content=\"https:\/\/www.cusine.eu\/wp-content\/uploads\/2021\/11\/Tota-la-gamma-de-productes-Backaldrin-a-Mallorca.jpg\" \/>\n\t<meta property=\"og:image:width\" content=\"1600\" \/>\n\t<meta property=\"og:image:height\" content=\"900\" \/>\n\t<meta property=\"og:image:type\" content=\"image\/jpeg\" \/>\n<meta name=\"author\" content=\"xavi\" \/>\n<meta name=\"twitter:card\" content=\"summary_large_image\" \/>\n<meta name=\"twitter:creator\" content=\"@cusine_eu\" \/>\n<meta name=\"twitter:site\" content=\"@cusine_eu\" \/>\n<meta name=\"twitter:label1\" content=\"Escrito por\" \/>\n\t<meta name=\"twitter:data1\" content=\"xavi\" \/>\n\t<meta name=\"twitter:label2\" content=\"Tiempo de lectura\" \/>\n\t<meta name=\"twitter:data2\" content=\"3 minutos\" \/>\n<script type=\"application\/ld+json\" class=\"yoast-schema-graph\">{\"@context\":\"https:\\\/\\\/schema.org\",\"@graph\":[{\"@type\":\"Article\",\"@id\":\"https:\\\/\\\/www.cusine.eu\\\/es\\\/index.php\\\/los-productos-backaldrin-para-panaderias-y-pastelerias-aterrizan-en-mallorca\\\/#article\",\"isPartOf\":{\"@id\":\"https:\\\/\\\/www.cusine.eu\\\/es\\\/index.php\\\/los-productos-backaldrin-para-panaderias-y-pastelerias-aterrizan-en-mallorca\\\/\"},\"author\":{\"name\":\"xavi\",\"@id\":\"https:\\\/\\\/www.cusine.eu\\\/#\\\/schema\\\/person\\\/64fa1c4f5e97060cbf9ff70e862f2b65\"},\"headline\":\"\u00a1Los productos Backaldrin para panader\u00edas y pasteler\u00edas aterrizan en Mallorca!\",\"datePublished\":\"2021-11-22T15:21:20+00:00\",\"mainEntityOfPage\":{\"@id\":\"https:\\\/\\\/www.cusine.eu\\\/es\\\/index.php\\\/los-productos-backaldrin-para-panaderias-y-pastelerias-aterrizan-en-mallorca\\\/\"},\"wordCount\":610,\"publisher\":{\"@id\":\"https:\\\/\\\/www.cusine.eu\\\/#organization\"},\"image\":{\"@id\":\"https:\\\/\\\/www.cusine.eu\\\/es\\\/index.php\\\/los-productos-backaldrin-para-panaderias-y-pastelerias-aterrizan-en-mallorca\\\/#primaryimage\"},\"thumbnailUrl\":\"https:\\\/\\\/www.cusine.eu\\\/wp-content\\\/uploads\\\/2021\\\/11\\\/Tota-la-gamma-de-productes-Backaldrin-a-Mallorca.jpg\",\"keywords\":[\"berlinas\",\"brownie\",\"galletas\",\"masa madre\",\"muffin\",\"pan de centeno\",\"pan de espelta\",\"pan de ma\u00edz\",\"pan de quinoa y amaranto\",\"pan integral\",\"pan r\u00fastico\",\"panes de semillas\",\"pastel de espelta\"],\"articleSection\":[\"Backaldrin\"],\"inLanguage\":\"es\"},{\"@type\":\"WebPage\",\"@id\":\"https:\\\/\\\/www.cusine.eu\\\/es\\\/index.php\\\/los-productos-backaldrin-para-panaderias-y-pastelerias-aterrizan-en-mallorca\\\/\",\"url\":\"https:\\\/\\\/www.cusine.eu\\\/es\\\/index.php\\\/los-productos-backaldrin-para-panaderias-y-pastelerias-aterrizan-en-mallorca\\\/\",\"name\":\"\u00a1Los productos Backaldrin para panader\u00edas y pasteler\u00edas aterrizan en Mallorca! - Ramon Cusin\u00e9 Hill\",\"isPartOf\":{\"@id\":\"https:\\\/\\\/www.cusine.eu\\\/#website\"},\"primaryImageOfPage\":{\"@id\":\"https:\\\/\\\/www.cusine.eu\\\/es\\\/index.php\\\/los-productos-backaldrin-para-panaderias-y-pastelerias-aterrizan-en-mallorca\\\/#primaryimage\"},\"image\":{\"@id\":\"https:\\\/\\\/www.cusine.eu\\\/es\\\/index.php\\\/los-productos-backaldrin-para-panaderias-y-pastelerias-aterrizan-en-mallorca\\\/#primaryimage\"},\"thumbnailUrl\":\"https:\\\/\\\/www.cusine.eu\\\/wp-content\\\/uploads\\\/2021\\\/11\\\/Tota-la-gamma-de-productes-Backaldrin-a-Mallorca.jpg\",\"datePublished\":\"2021-11-22T15:21:20+00:00\",\"inLanguage\":\"es\",\"potentialAction\":[{\"@type\":\"ReadAction\",\"target\":[\"https:\\\/\\\/www.cusine.eu\\\/es\\\/index.php\\\/los-productos-backaldrin-para-panaderias-y-pastelerias-aterrizan-en-mallorca\\\/\"]}]},{\"@type\":\"ImageObject\",\"inLanguage\":\"es\",\"@id\":\"https:\\\/\\\/www.cusine.eu\\\/es\\\/index.php\\\/los-productos-backaldrin-para-panaderias-y-pastelerias-aterrizan-en-mallorca\\\/#primaryimage\",\"url\":\"https:\\\/\\\/www.cusine.eu\\\/wp-content\\\/uploads\\\/2021\\\/11\\\/Tota-la-gamma-de-productes-Backaldrin-a-Mallorca.jpg\",\"contentUrl\":\"https:\\\/\\\/www.cusine.eu\\\/wp-content\\\/uploads\\\/2021\\\/11\\\/Tota-la-gamma-de-productes-Backaldrin-a-Mallorca.jpg\",\"width\":1600,\"height\":900,\"caption\":\"Tota la gamma de productes Backaldrin va ser presentada a Mallorca\"},{\"@type\":\"WebSite\",\"@id\":\"https:\\\/\\\/www.cusine.eu\\\/#website\",\"url\":\"https:\\\/\\\/www.cusine.eu\\\/\",\"name\":\"Ramon Cusin\u00e9 Hill\",\"description\":\"Global Raw Material Supplier\",\"publisher\":{\"@id\":\"https:\\\/\\\/www.cusine.eu\\\/#organization\"},\"potentialAction\":[{\"@type\":\"SearchAction\",\"target\":{\"@type\":\"EntryPoint\",\"urlTemplate\":\"https:\\\/\\\/www.cusine.eu\\\/?s={search_term_string}\"},\"query-input\":{\"@type\":\"PropertyValueSpecification\",\"valueRequired\":true,\"valueName\":\"search_term_string\"}}],\"inLanguage\":\"es\"},{\"@type\":\"Organization\",\"@id\":\"https:\\\/\\\/www.cusine.eu\\\/#organization\",\"name\":\"Ramon Cusin\u00e9 Hill\",\"url\":\"https:\\\/\\\/www.cusine.eu\\\/\",\"logo\":{\"@type\":\"ImageObject\",\"inLanguage\":\"es\",\"@id\":\"https:\\\/\\\/www.cusine.eu\\\/#\\\/schema\\\/logo\\\/image\\\/\",\"url\":\"https:\\\/\\\/www.cusine.eu\\\/wp-content\\\/uploads\\\/2016\\\/01\\\/cropped-CUSINE__LOGO_principal_POSITIU__WEB-1.png\",\"contentUrl\":\"https:\\\/\\\/www.cusine.eu\\\/wp-content\\\/uploads\\\/2016\\\/01\\\/cropped-CUSINE__LOGO_principal_POSITIU__WEB-1.png\",\"width\":362,\"height\":150,\"caption\":\"Ramon Cusin\u00e9 Hill\"},\"image\":{\"@id\":\"https:\\\/\\\/www.cusine.eu\\\/#\\\/schema\\\/logo\\\/image\\\/\"},\"sameAs\":[\"https:\\\/\\\/www.facebook.com\\\/cusine.eu\",\"https:\\\/\\\/x.com\\\/cusine_eu\",\"https:\\\/\\\/www.instagram.com\\\/cusine_eu\\\/\"]},{\"@type\":\"Person\",\"@id\":\"https:\\\/\\\/www.cusine.eu\\\/#\\\/schema\\\/person\\\/64fa1c4f5e97060cbf9ff70e862f2b65\",\"name\":\"xavi\",\"image\":{\"@type\":\"ImageObject\",\"inLanguage\":\"es\",\"@id\":\"https:\\\/\\\/secure.gravatar.com\\\/avatar\\\/af05262cf3977d5a4bc00783fa3e3b46c9a21f242558177807e11e4cbc6dea2f?s=96&d=mm&r=g\",\"url\":\"https:\\\/\\\/secure.gravatar.com\\\/avatar\\\/af05262cf3977d5a4bc00783fa3e3b46c9a21f242558177807e11e4cbc6dea2f?s=96&d=mm&r=g\",\"contentUrl\":\"https:\\\/\\\/secure.gravatar.com\\\/avatar\\\/af05262cf3977d5a4bc00783fa3e3b46c9a21f242558177807e11e4cbc6dea2f?s=96&d=mm&r=g\",\"caption\":\"xavi\"},\"url\":\"https:\\\/\\\/www.cusine.eu\\\/es\\\/index.php\\\/author\\\/xavi\\\/\"}]}<\/script>\n<!-- \/ Yoast SEO plugin. -->","yoast_head_json":{"title":"\u00a1Los productos Backaldrin para panader\u00edas y pasteler\u00edas aterrizan en Mallorca! - Ramon Cusin\u00e9 Hill","robots":{"index":"index","follow":"follow","max-snippet":"max-snippet:-1","max-image-preview":"max-image-preview:large","max-video-preview":"max-video-preview:-1"},"canonical":"https:\/\/www.cusine.eu\/es\/index.php\/los-productos-backaldrin-para-panaderias-y-pastelerias-aterrizan-en-mallorca\/","og_locale":"es_ES","og_type":"article","og_title":"\u00a1Los productos Backaldrin para panader\u00edas y pasteler\u00edas aterrizan en Mallorca! - Ramon Cusin\u00e9 Hill","og_description":"El mi\u00e9rcoles pasado, 17 de noviembre del 2021, viajamos hacia Mallorca para hacer una presentaci\u00f3n de toda la gama de productos Backaldrin. Esta presentaci\u00f3n se hizo en el Forn Fornaris. Des de Ramon Cusin\u00e9 Hill estamos muy agradecidos por la cesi\u00f3n de este espacio. Backaldrin es una marca austr\u00edaca que ofrece diferentes soluciones para las panader\u00edas y pasteler\u00edas. Algunos de [&hellip;]","og_url":"https:\/\/www.cusine.eu\/es\/index.php\/los-productos-backaldrin-para-panaderias-y-pastelerias-aterrizan-en-mallorca\/","og_site_name":"Ramon Cusin\u00e9 Hill","article_publisher":"https:\/\/www.facebook.com\/cusine.eu","article_published_time":"2021-11-22T15:21:20+00:00","og_image":[{"width":1600,"height":900,"url":"https:\/\/www.cusine.eu\/wp-content\/uploads\/2021\/11\/Tota-la-gamma-de-productes-Backaldrin-a-Mallorca.jpg","type":"image\/jpeg"}],"author":"xavi","twitter_card":"summary_large_image","twitter_creator":"@cusine_eu","twitter_site":"@cusine_eu","twitter_misc":{"Escrito por":"xavi","Tiempo de lectura":"3 minutos"},"schema":{"@context":"https:\/\/schema.org","@graph":[{"@type":"Article","@id":"https:\/\/www.cusine.eu\/es\/index.php\/los-productos-backaldrin-para-panaderias-y-pastelerias-aterrizan-en-mallorca\/#article","isPartOf":{"@id":"https:\/\/www.cusine.eu\/es\/index.php\/los-productos-backaldrin-para-panaderias-y-pastelerias-aterrizan-en-mallorca\/"},"author":{"name":"xavi","@id":"https:\/\/www.cusine.eu\/#\/schema\/person\/64fa1c4f5e97060cbf9ff70e862f2b65"},"headline":"\u00a1Los productos Backaldrin para panader\u00edas y pasteler\u00edas aterrizan en Mallorca!","datePublished":"2021-11-22T15:21:20+00:00","mainEntityOfPage":{"@id":"https:\/\/www.cusine.eu\/es\/index.php\/los-productos-backaldrin-para-panaderias-y-pastelerias-aterrizan-en-mallorca\/"},"wordCount":610,"publisher":{"@id":"https:\/\/www.cusine.eu\/#organization"},"image":{"@id":"https:\/\/www.cusine.eu\/es\/index.php\/los-productos-backaldrin-para-panaderias-y-pastelerias-aterrizan-en-mallorca\/#primaryimage"},"thumbnailUrl":"https:\/\/www.cusine.eu\/wp-content\/uploads\/2021\/11\/Tota-la-gamma-de-productes-Backaldrin-a-Mallorca.jpg","keywords":["berlinas","brownie","galletas","masa madre","muffin","pan de centeno","pan de espelta","pan de ma\u00edz","pan de quinoa y amaranto","pan integral","pan r\u00fastico","panes de semillas","pastel de espelta"],"articleSection":["Backaldrin"],"inLanguage":"es"},{"@type":"WebPage","@id":"https:\/\/www.cusine.eu\/es\/index.php\/los-productos-backaldrin-para-panaderias-y-pastelerias-aterrizan-en-mallorca\/","url":"https:\/\/www.cusine.eu\/es\/index.php\/los-productos-backaldrin-para-panaderias-y-pastelerias-aterrizan-en-mallorca\/","name":"\u00a1Los productos Backaldrin para panader\u00edas y pasteler\u00edas aterrizan en Mallorca! - Ramon Cusin\u00e9 Hill","isPartOf":{"@id":"https:\/\/www.cusine.eu\/#website"},"primaryImageOfPage":{"@id":"https:\/\/www.cusine.eu\/es\/index.php\/los-productos-backaldrin-para-panaderias-y-pastelerias-aterrizan-en-mallorca\/#primaryimage"},"image":{"@id":"https:\/\/www.cusine.eu\/es\/index.php\/los-productos-backaldrin-para-panaderias-y-pastelerias-aterrizan-en-mallorca\/#primaryimage"},"thumbnailUrl":"https:\/\/www.cusine.eu\/wp-content\/uploads\/2021\/11\/Tota-la-gamma-de-productes-Backaldrin-a-Mallorca.jpg","datePublished":"2021-11-22T15:21:20+00:00","inLanguage":"es","potentialAction":[{"@type":"ReadAction","target":["https:\/\/www.cusine.eu\/es\/index.php\/los-productos-backaldrin-para-panaderias-y-pastelerias-aterrizan-en-mallorca\/"]}]},{"@type":"ImageObject","inLanguage":"es","@id":"https:\/\/www.cusine.eu\/es\/index.php\/los-productos-backaldrin-para-panaderias-y-pastelerias-aterrizan-en-mallorca\/#primaryimage","url":"https:\/\/www.cusine.eu\/wp-content\/uploads\/2021\/11\/Tota-la-gamma-de-productes-Backaldrin-a-Mallorca.jpg","contentUrl":"https:\/\/www.cusine.eu\/wp-content\/uploads\/2021\/11\/Tota-la-gamma-de-productes-Backaldrin-a-Mallorca.jpg","width":1600,"height":900,"caption":"Tota la gamma de productes Backaldrin va ser presentada a Mallorca"},{"@type":"WebSite","@id":"https:\/\/www.cusine.eu\/#website","url":"https:\/\/www.cusine.eu\/","name":"Ramon Cusin\u00e9 Hill","description":"Global Raw Material Supplier","publisher":{"@id":"https:\/\/www.cusine.eu\/#organization"},"potentialAction":[{"@type":"SearchAction","target":{"@type":"EntryPoint","urlTemplate":"https:\/\/www.cusine.eu\/?s={search_term_string}"},"query-input":{"@type":"PropertyValueSpecification","valueRequired":true,"valueName":"search_term_string"}}],"inLanguage":"es"},{"@type":"Organization","@id":"https:\/\/www.cusine.eu\/#organization","name":"Ramon Cusin\u00e9 Hill","url":"https:\/\/www.cusine.eu\/","logo":{"@type":"ImageObject","inLanguage":"es","@id":"https:\/\/www.cusine.eu\/#\/schema\/logo\/image\/","url":"https:\/\/www.cusine.eu\/wp-content\/uploads\/2016\/01\/cropped-CUSINE__LOGO_principal_POSITIU__WEB-1.png","contentUrl":"https:\/\/www.cusine.eu\/wp-content\/uploads\/2016\/01\/cropped-CUSINE__LOGO_principal_POSITIU__WEB-1.png","width":362,"height":150,"caption":"Ramon Cusin\u00e9 Hill"},"image":{"@id":"https:\/\/www.cusine.eu\/#\/schema\/logo\/image\/"},"sameAs":["https:\/\/www.facebook.com\/cusine.eu","https:\/\/x.com\/cusine_eu","https:\/\/www.instagram.com\/cusine_eu\/"]},{"@type":"Person","@id":"https:\/\/www.cusine.eu\/#\/schema\/person\/64fa1c4f5e97060cbf9ff70e862f2b65","name":"xavi","image":{"@type":"ImageObject","inLanguage":"es","@id":"https:\/\/secure.gravatar.com\/avatar\/af05262cf3977d5a4bc00783fa3e3b46c9a21f242558177807e11e4cbc6dea2f?s=96&d=mm&r=g","url":"https:\/\/secure.gravatar.com\/avatar\/af05262cf3977d5a4bc00783fa3e3b46c9a21f242558177807e11e4cbc6dea2f?s=96&d=mm&r=g","contentUrl":"https:\/\/secure.gravatar.com\/avatar\/af05262cf3977d5a4bc00783fa3e3b46c9a21f242558177807e11e4cbc6dea2f?s=96&d=mm&r=g","caption":"xavi"},"url":"https:\/\/www.cusine.eu\/es\/index.php\/author\/xavi\/"}]}},"_links":{"self":[{"href":"https:\/\/www.cusine.eu\/es\/index.php\/wp-json\/wp\/v2\/posts\/4261","targetHints":{"allow":["GET"]}}],"collection":[{"href":"https:\/\/www.cusine.eu\/es\/index.php\/wp-json\/wp\/v2\/posts"}],"about":[{"href":"https:\/\/www.cusine.eu\/es\/index.php\/wp-json\/wp\/v2\/types\/post"}],"author":[{"embeddable":true,"href":"https:\/\/www.cusine.eu\/es\/index.php\/wp-json\/wp\/v2\/users\/1"}],"replies":[{"embeddable":true,"href":"https:\/\/www.cusine.eu\/es\/index.php\/wp-json\/wp\/v2\/comments?post=4261"}],"version-history":[{"count":1,"href":"https:\/\/www.cusine.eu\/es\/index.php\/wp-json\/wp\/v2\/posts\/4261\/revisions"}],"predecessor-version":[{"id":4262,"href":"https:\/\/www.cusine.eu\/es\/index.php\/wp-json\/wp\/v2\/posts\/4261\/revisions\/4262"}],"wp:featuredmedia":[{"embeddable":true,"href":"https:\/\/www.cusine.eu\/es\/index.php\/wp-json\/wp\/v2\/media\/4259"}],"wp:attachment":[{"href":"https:\/\/www.cusine.eu\/es\/index.php\/wp-json\/wp\/v2\/media?parent=4261"}],"wp:term":[{"taxonomy":"category","embeddable":true,"href":"https:\/\/www.cusine.eu\/es\/index.php\/wp-json\/wp\/v2\/categories?post=4261"},{"taxonomy":"post_tag","embeddable":true,"href":"https:\/\/www.cusine.eu\/es\/index.php\/wp-json\/wp\/v2\/tags?post=4261"}],"curies":[{"name":"wp","href":"https:\/\/api.w.org\/{rel}","templated":true}]}}