{"id":3324,"date":"2021-01-19T16:04:09","date_gmt":"2021-01-19T16:04:09","guid":{"rendered":"https:\/\/www.cusine.eu\/?p=3324"},"modified":"2021-01-19T16:04:09","modified_gmt":"2021-01-19T16:04:09","slug":"urkorn-cake","status":"publish","type":"post","link":"https:\/\/www.cusine.eu\/index.php\/urkorn-cake\/","title":{"rendered":"Urkorn Cake"},"content":{"rendered":"<p>Saps que \u00e9s l\u2019<strong>Urkorn Cake<\/strong>? Coneixes la hist\u00f2ria que tenen els grans que formen part d\u2019ell?<\/p>\n<p>Urkorn Cake \u00e9s una <strong>base per fer pastisseria<\/strong>, amb tres grans que havien sigut utilitzats hist\u00f2ricament, i recuperats per oferir un <strong>producte de qualitat<\/strong>. Amb aquests tipus de cereals, podr\u00e0s oferir al consumidor, experi\u00e8ncies amb gustos originals:<\/p>\n<ul>\n<li><strong>Emmer<\/strong>: va ser la pedra angular de la <strong>dieta mediterr\u00e0nia<\/strong>. Molt en una farina integral m\u00e9s fina que el blat. Amb un gust picant, que combina perfectament amb el lleuger gust a nou de l\u2019espelta i l\u2019Einkorn, aconseguir\u00e0s un gust suau en els <strong>pastissos artesanals<\/strong>.<\/li>\n<li><strong>Einkorn<\/strong>: va ser el<strong> primer blat<\/strong> de l\u2019home. Cont\u00e9 abundants carotenoides, els pigments naturals de color vermell, groc o taronja. Amb aquests pigments aconseguir\u00e0s un color daurat en els <strong>pastissos fornejats<\/strong>.<\/li>\n<li><strong>Espelta<\/strong>: \u00e9s una <strong>varietat antiga de blat<\/strong> que va ser la base de l\u2019alimentaci\u00f3 humana a la zona de la mediterr\u00e0nia, durant milers d\u2019anys. Aconseguir\u00e0s un past\u00eds que ser\u00e0 molt ben tolerat pel cos.<\/li>\n<\/ul>\n<p>T\u2019animes a provar l\u2019<strong>Urkorn Cake<\/strong>? Proveu-lo amb aquestes receptes!<\/p>\n<ol>\n<li><a href=\"https:\/\/www.cusine.eu\/wp-content\/uploads\/2016\/01\/Receta-Carrot-Cake-Urkorn-Cake.pdf\">Recepta de Carrot Cake<\/a>.<\/li>\n<li><a href=\"https:\/\/www.cusine.eu\/wp-content\/uploads\/2016\/01\/Receta-Choco-Chip-Cookies-Urkorn-Cake.pdf\">Recepta de Choco Chip Cookies<\/a>.<\/li>\n<li><a href=\"https:\/\/www.cusine.eu\/wp-content\/uploads\/2016\/01\/Receta-Pastel-de-Manzana-Urkorn-Cake.pdf\">Recepta de Past\u00eds de Poma<\/a>.<\/li>\n<\/ol>\n","protected":false},"excerpt":{"rendered":"<p>Saps que \u00e9s l\u2019Urkorn Cake? Coneixes la hist\u00f2ria que tenen els grans que formen part d\u2019ell? Urkorn Cake \u00e9s una base per fer pastisseria, amb tres grans que havien sigut utilitzats hist\u00f2ricament, i recuperats per oferir un producte de qualitat. Amb aquests tipus de cereals, podr\u00e0s oferir al consumidor, experi\u00e8ncies amb gustos originals: Emmer: va ser la pedra angular de [&hellip;]<\/p>\n","protected":false},"author":1,"featured_media":3327,"comment_status":"closed","ping_status":"closed","sticky":false,"template":"","format":"standard","meta":{"footnotes":""},"categories":[8],"tags":[26,24,23,25,30,31,19],"class_list":["post-3324","post","type-post","status-publish","format-standard","has-post-thumbnail","hentry","category-receptes","tag-dieta-mediterrania","tag-einkorn","tag-emmer","tag-espelta","tag-pastisseria","tag-pastissos","tag-urkorn-cake"],"yoast_head":"<!-- This site is optimized with the Yoast SEO plugin v27.4 - https:\/\/yoast.com\/product\/yoast-seo-wordpress\/ -->\n<title>Urkorn Cake - Ramon Cusin\u00e9 Hill<\/title>\n<meta name=\"robots\" content=\"index, follow, max-snippet:-1, max-image-preview:large, max-video-preview:-1\" \/>\n<link rel=\"canonical\" href=\"https:\/\/www.cusine.eu\/index.php\/urkorn-cake\/\" \/>\n<meta property=\"og:locale\" content=\"ca_ES\" \/>\n<meta property=\"og:type\" content=\"article\" \/>\n<meta property=\"og:title\" content=\"Urkorn Cake - Ramon Cusin\u00e9 Hill\" \/>\n<meta property=\"og:description\" content=\"Saps que \u00e9s l\u2019Urkorn Cake? Coneixes la hist\u00f2ria que tenen els grans que formen part d\u2019ell? Urkorn Cake \u00e9s una base per fer pastisseria, amb tres grans que havien sigut utilitzats hist\u00f2ricament, i recuperats per oferir un producte de qualitat. Amb aquests tipus de cereals, podr\u00e0s oferir al consumidor, experi\u00e8ncies amb gustos originals: Emmer: va ser la pedra angular de [&hellip;]\" \/>\n<meta property=\"og:url\" content=\"https:\/\/www.cusine.eu\/index.php\/urkorn-cake\/\" \/>\n<meta property=\"og:site_name\" content=\"Ramon Cusin\u00e9 Hill\" \/>\n<meta property=\"article:publisher\" content=\"https:\/\/www.facebook.com\/cusine.eu\" \/>\n<meta property=\"article:published_time\" content=\"2021-01-19T16:04:09+00:00\" \/>\n<meta property=\"og:image\" content=\"https:\/\/www.cusine.eu\/wp-content\/uploads\/2021\/01\/urkorn-cake-min.jpg\" \/>\n\t<meta property=\"og:image:width\" content=\"750\" \/>\n\t<meta property=\"og:image:height\" content=\"636\" \/>\n\t<meta property=\"og:image:type\" content=\"image\/jpeg\" \/>\n<meta name=\"author\" content=\"xavi\" \/>\n<meta name=\"twitter:card\" content=\"summary_large_image\" \/>\n<meta name=\"twitter:creator\" content=\"@cusine_eu\" \/>\n<meta name=\"twitter:site\" content=\"@cusine_eu\" \/>\n<meta name=\"twitter:label1\" content=\"Escrit per\" \/>\n\t<meta name=\"twitter:data1\" content=\"xavi\" \/>\n\t<meta name=\"twitter:label2\" content=\"Temps estimat de lectura\" \/>\n\t<meta name=\"twitter:data2\" content=\"1 minut\" \/>\n<script type=\"application\/ld+json\" class=\"yoast-schema-graph\">{\"@context\":\"https:\\\/\\\/schema.org\",\"@graph\":[{\"@type\":\"Article\",\"@id\":\"https:\\\/\\\/www.cusine.eu\\\/index.php\\\/urkorn-cake\\\/#article\",\"isPartOf\":{\"@id\":\"https:\\\/\\\/www.cusine.eu\\\/index.php\\\/urkorn-cake\\\/\"},\"author\":{\"name\":\"xavi\",\"@id\":\"https:\\\/\\\/www.cusine.eu\\\/#\\\/schema\\\/person\\\/64fa1c4f5e97060cbf9ff70e862f2b65\"},\"headline\":\"Urkorn Cake\",\"datePublished\":\"2021-01-19T16:04:09+00:00\",\"mainEntityOfPage\":{\"@id\":\"https:\\\/\\\/www.cusine.eu\\\/index.php\\\/urkorn-cake\\\/\"},\"wordCount\":209,\"publisher\":{\"@id\":\"https:\\\/\\\/www.cusine.eu\\\/#organization\"},\"image\":{\"@id\":\"https:\\\/\\\/www.cusine.eu\\\/index.php\\\/urkorn-cake\\\/#primaryimage\"},\"thumbnailUrl\":\"https:\\\/\\\/www.cusine.eu\\\/wp-content\\\/uploads\\\/2021\\\/01\\\/urkorn-cake-min.jpg\",\"keywords\":[\"dieta mediterr\u00e0nia\",\"einkorn\",\"emmer\",\"espelta\",\"pastisseria\",\"pastissos\",\"urkorn cake\"],\"articleSection\":[\"Receptes\"],\"inLanguage\":\"ca\"},{\"@type\":\"WebPage\",\"@id\":\"https:\\\/\\\/www.cusine.eu\\\/index.php\\\/urkorn-cake\\\/\",\"url\":\"https:\\\/\\\/www.cusine.eu\\\/index.php\\\/urkorn-cake\\\/\",\"name\":\"Urkorn Cake - Ramon Cusin\u00e9 Hill\",\"isPartOf\":{\"@id\":\"https:\\\/\\\/www.cusine.eu\\\/#website\"},\"primaryImageOfPage\":{\"@id\":\"https:\\\/\\\/www.cusine.eu\\\/index.php\\\/urkorn-cake\\\/#primaryimage\"},\"image\":{\"@id\":\"https:\\\/\\\/www.cusine.eu\\\/index.php\\\/urkorn-cake\\\/#primaryimage\"},\"thumbnailUrl\":\"https:\\\/\\\/www.cusine.eu\\\/wp-content\\\/uploads\\\/2021\\\/01\\\/urkorn-cake-min.jpg\",\"datePublished\":\"2021-01-19T16:04:09+00:00\",\"inLanguage\":\"ca\",\"potentialAction\":[{\"@type\":\"ReadAction\",\"target\":[\"https:\\\/\\\/www.cusine.eu\\\/index.php\\\/urkorn-cake\\\/\"]}]},{\"@type\":\"ImageObject\",\"inLanguage\":\"ca\",\"@id\":\"https:\\\/\\\/www.cusine.eu\\\/index.php\\\/urkorn-cake\\\/#primaryimage\",\"url\":\"https:\\\/\\\/www.cusine.eu\\\/wp-content\\\/uploads\\\/2021\\\/01\\\/urkorn-cake-min.jpg\",\"contentUrl\":\"https:\\\/\\\/www.cusine.eu\\\/wp-content\\\/uploads\\\/2021\\\/01\\\/urkorn-cake-min.jpg\",\"width\":750,\"height\":636,\"caption\":\"Mitjan\u00e7ant Urkorn Cake podreu fer pastissos saludables.\"},{\"@type\":\"WebSite\",\"@id\":\"https:\\\/\\\/www.cusine.eu\\\/#website\",\"url\":\"https:\\\/\\\/www.cusine.eu\\\/\",\"name\":\"Ramon Cusin\u00e9 Hill\",\"description\":\"Global Raw Material Supplier\",\"publisher\":{\"@id\":\"https:\\\/\\\/www.cusine.eu\\\/#organization\"},\"potentialAction\":[{\"@type\":\"SearchAction\",\"target\":{\"@type\":\"EntryPoint\",\"urlTemplate\":\"https:\\\/\\\/www.cusine.eu\\\/?s={search_term_string}\"},\"query-input\":{\"@type\":\"PropertyValueSpecification\",\"valueRequired\":true,\"valueName\":\"search_term_string\"}}],\"inLanguage\":\"ca\"},{\"@type\":\"Organization\",\"@id\":\"https:\\\/\\\/www.cusine.eu\\\/#organization\",\"name\":\"Ramon Cusin\u00e9 Hill\",\"url\":\"https:\\\/\\\/www.cusine.eu\\\/\",\"logo\":{\"@type\":\"ImageObject\",\"inLanguage\":\"ca\",\"@id\":\"https:\\\/\\\/www.cusine.eu\\\/#\\\/schema\\\/logo\\\/image\\\/\",\"url\":\"https:\\\/\\\/www.cusine.eu\\\/wp-content\\\/uploads\\\/2016\\\/01\\\/cropped-CUSINE__LOGO_principal_POSITIU__WEB-1.png\",\"contentUrl\":\"https:\\\/\\\/www.cusine.eu\\\/wp-content\\\/uploads\\\/2016\\\/01\\\/cropped-CUSINE__LOGO_principal_POSITIU__WEB-1.png\",\"width\":362,\"height\":150,\"caption\":\"Ramon Cusin\u00e9 Hill\"},\"image\":{\"@id\":\"https:\\\/\\\/www.cusine.eu\\\/#\\\/schema\\\/logo\\\/image\\\/\"},\"sameAs\":[\"https:\\\/\\\/www.facebook.com\\\/cusine.eu\",\"https:\\\/\\\/x.com\\\/cusine_eu\",\"https:\\\/\\\/www.instagram.com\\\/cusine_eu\\\/\"]},{\"@type\":\"Person\",\"@id\":\"https:\\\/\\\/www.cusine.eu\\\/#\\\/schema\\\/person\\\/64fa1c4f5e97060cbf9ff70e862f2b65\",\"name\":\"xavi\",\"image\":{\"@type\":\"ImageObject\",\"inLanguage\":\"ca\",\"@id\":\"https:\\\/\\\/secure.gravatar.com\\\/avatar\\\/af05262cf3977d5a4bc00783fa3e3b46c9a21f242558177807e11e4cbc6dea2f?s=96&d=mm&r=g\",\"url\":\"https:\\\/\\\/secure.gravatar.com\\\/avatar\\\/af05262cf3977d5a4bc00783fa3e3b46c9a21f242558177807e11e4cbc6dea2f?s=96&d=mm&r=g\",\"contentUrl\":\"https:\\\/\\\/secure.gravatar.com\\\/avatar\\\/af05262cf3977d5a4bc00783fa3e3b46c9a21f242558177807e11e4cbc6dea2f?s=96&d=mm&r=g\",\"caption\":\"xavi\"},\"url\":\"https:\\\/\\\/www.cusine.eu\\\/index.php\\\/author\\\/xavi\\\/\"}]}<\/script>\n<!-- \/ Yoast SEO plugin. -->","yoast_head_json":{"title":"Urkorn Cake - Ramon Cusin\u00e9 Hill","robots":{"index":"index","follow":"follow","max-snippet":"max-snippet:-1","max-image-preview":"max-image-preview:large","max-video-preview":"max-video-preview:-1"},"canonical":"https:\/\/www.cusine.eu\/index.php\/urkorn-cake\/","og_locale":"ca_ES","og_type":"article","og_title":"Urkorn Cake - Ramon Cusin\u00e9 Hill","og_description":"Saps que \u00e9s l\u2019Urkorn Cake? Coneixes la hist\u00f2ria que tenen els grans que formen part d\u2019ell? Urkorn Cake \u00e9s una base per fer pastisseria, amb tres grans que havien sigut utilitzats hist\u00f2ricament, i recuperats per oferir un producte de qualitat. Amb aquests tipus de cereals, podr\u00e0s oferir al consumidor, experi\u00e8ncies amb gustos originals: Emmer: va ser la pedra angular de [&hellip;]","og_url":"https:\/\/www.cusine.eu\/index.php\/urkorn-cake\/","og_site_name":"Ramon Cusin\u00e9 Hill","article_publisher":"https:\/\/www.facebook.com\/cusine.eu","article_published_time":"2021-01-19T16:04:09+00:00","og_image":[{"width":750,"height":636,"url":"https:\/\/www.cusine.eu\/wp-content\/uploads\/2021\/01\/urkorn-cake-min.jpg","type":"image\/jpeg"}],"author":"xavi","twitter_card":"summary_large_image","twitter_creator":"@cusine_eu","twitter_site":"@cusine_eu","twitter_misc":{"Escrit per":"xavi","Temps estimat de lectura":"1 minut"},"schema":{"@context":"https:\/\/schema.org","@graph":[{"@type":"Article","@id":"https:\/\/www.cusine.eu\/index.php\/urkorn-cake\/#article","isPartOf":{"@id":"https:\/\/www.cusine.eu\/index.php\/urkorn-cake\/"},"author":{"name":"xavi","@id":"https:\/\/www.cusine.eu\/#\/schema\/person\/64fa1c4f5e97060cbf9ff70e862f2b65"},"headline":"Urkorn Cake","datePublished":"2021-01-19T16:04:09+00:00","mainEntityOfPage":{"@id":"https:\/\/www.cusine.eu\/index.php\/urkorn-cake\/"},"wordCount":209,"publisher":{"@id":"https:\/\/www.cusine.eu\/#organization"},"image":{"@id":"https:\/\/www.cusine.eu\/index.php\/urkorn-cake\/#primaryimage"},"thumbnailUrl":"https:\/\/www.cusine.eu\/wp-content\/uploads\/2021\/01\/urkorn-cake-min.jpg","keywords":["dieta mediterr\u00e0nia","einkorn","emmer","espelta","pastisseria","pastissos","urkorn cake"],"articleSection":["Receptes"],"inLanguage":"ca"},{"@type":"WebPage","@id":"https:\/\/www.cusine.eu\/index.php\/urkorn-cake\/","url":"https:\/\/www.cusine.eu\/index.php\/urkorn-cake\/","name":"Urkorn Cake - Ramon Cusin\u00e9 Hill","isPartOf":{"@id":"https:\/\/www.cusine.eu\/#website"},"primaryImageOfPage":{"@id":"https:\/\/www.cusine.eu\/index.php\/urkorn-cake\/#primaryimage"},"image":{"@id":"https:\/\/www.cusine.eu\/index.php\/urkorn-cake\/#primaryimage"},"thumbnailUrl":"https:\/\/www.cusine.eu\/wp-content\/uploads\/2021\/01\/urkorn-cake-min.jpg","datePublished":"2021-01-19T16:04:09+00:00","inLanguage":"ca","potentialAction":[{"@type":"ReadAction","target":["https:\/\/www.cusine.eu\/index.php\/urkorn-cake\/"]}]},{"@type":"ImageObject","inLanguage":"ca","@id":"https:\/\/www.cusine.eu\/index.php\/urkorn-cake\/#primaryimage","url":"https:\/\/www.cusine.eu\/wp-content\/uploads\/2021\/01\/urkorn-cake-min.jpg","contentUrl":"https:\/\/www.cusine.eu\/wp-content\/uploads\/2021\/01\/urkorn-cake-min.jpg","width":750,"height":636,"caption":"Mitjan\u00e7ant Urkorn Cake podreu fer pastissos saludables."},{"@type":"WebSite","@id":"https:\/\/www.cusine.eu\/#website","url":"https:\/\/www.cusine.eu\/","name":"Ramon Cusin\u00e9 Hill","description":"Global Raw Material Supplier","publisher":{"@id":"https:\/\/www.cusine.eu\/#organization"},"potentialAction":[{"@type":"SearchAction","target":{"@type":"EntryPoint","urlTemplate":"https:\/\/www.cusine.eu\/?s={search_term_string}"},"query-input":{"@type":"PropertyValueSpecification","valueRequired":true,"valueName":"search_term_string"}}],"inLanguage":"ca"},{"@type":"Organization","@id":"https:\/\/www.cusine.eu\/#organization","name":"Ramon Cusin\u00e9 Hill","url":"https:\/\/www.cusine.eu\/","logo":{"@type":"ImageObject","inLanguage":"ca","@id":"https:\/\/www.cusine.eu\/#\/schema\/logo\/image\/","url":"https:\/\/www.cusine.eu\/wp-content\/uploads\/2016\/01\/cropped-CUSINE__LOGO_principal_POSITIU__WEB-1.png","contentUrl":"https:\/\/www.cusine.eu\/wp-content\/uploads\/2016\/01\/cropped-CUSINE__LOGO_principal_POSITIU__WEB-1.png","width":362,"height":150,"caption":"Ramon Cusin\u00e9 Hill"},"image":{"@id":"https:\/\/www.cusine.eu\/#\/schema\/logo\/image\/"},"sameAs":["https:\/\/www.facebook.com\/cusine.eu","https:\/\/x.com\/cusine_eu","https:\/\/www.instagram.com\/cusine_eu\/"]},{"@type":"Person","@id":"https:\/\/www.cusine.eu\/#\/schema\/person\/64fa1c4f5e97060cbf9ff70e862f2b65","name":"xavi","image":{"@type":"ImageObject","inLanguage":"ca","@id":"https:\/\/secure.gravatar.com\/avatar\/af05262cf3977d5a4bc00783fa3e3b46c9a21f242558177807e11e4cbc6dea2f?s=96&d=mm&r=g","url":"https:\/\/secure.gravatar.com\/avatar\/af05262cf3977d5a4bc00783fa3e3b46c9a21f242558177807e11e4cbc6dea2f?s=96&d=mm&r=g","contentUrl":"https:\/\/secure.gravatar.com\/avatar\/af05262cf3977d5a4bc00783fa3e3b46c9a21f242558177807e11e4cbc6dea2f?s=96&d=mm&r=g","caption":"xavi"},"url":"https:\/\/www.cusine.eu\/index.php\/author\/xavi\/"}]}},"_links":{"self":[{"href":"https:\/\/www.cusine.eu\/index.php\/wp-json\/wp\/v2\/posts\/3324","targetHints":{"allow":["GET"]}}],"collection":[{"href":"https:\/\/www.cusine.eu\/index.php\/wp-json\/wp\/v2\/posts"}],"about":[{"href":"https:\/\/www.cusine.eu\/index.php\/wp-json\/wp\/v2\/types\/post"}],"author":[{"embeddable":true,"href":"https:\/\/www.cusine.eu\/index.php\/wp-json\/wp\/v2\/users\/1"}],"replies":[{"embeddable":true,"href":"https:\/\/www.cusine.eu\/index.php\/wp-json\/wp\/v2\/comments?post=3324"}],"version-history":[{"count":3,"href":"https:\/\/www.cusine.eu\/index.php\/wp-json\/wp\/v2\/posts\/3324\/revisions"}],"predecessor-version":[{"id":3335,"href":"https:\/\/www.cusine.eu\/index.php\/wp-json\/wp\/v2\/posts\/3324\/revisions\/3335"}],"wp:featuredmedia":[{"embeddable":true,"href":"https:\/\/www.cusine.eu\/index.php\/wp-json\/wp\/v2\/media\/3327"}],"wp:attachment":[{"href":"https:\/\/www.cusine.eu\/index.php\/wp-json\/wp\/v2\/media?parent=3324"}],"wp:term":[{"taxonomy":"category","embeddable":true,"href":"https:\/\/www.cusine.eu\/index.php\/wp-json\/wp\/v2\/categories?post=3324"},{"taxonomy":"post_tag","embeddable":true,"href":"https:\/\/www.cusine.eu\/index.php\/wp-json\/wp\/v2\/tags?post=3324"}],"curies":[{"name":"wp","href":"https:\/\/api.w.org\/{rel}","templated":true}]}}