{"id":3421,"date":"2021-02-16T16:54:28","date_gmt":"2021-02-16T16:54:28","guid":{"rendered":"https:\/\/www.cusine.eu\/?p=3421"},"modified":"2021-02-16T17:11:11","modified_gmt":"2021-02-16T17:11:11","slug":"el-nostre-departament-de-logistica","status":"publish","type":"post","link":"https:\/\/www.cusine.eu\/index.php\/el-nostre-departament-de-logistica\/","title":{"rendered":"El nostre departament de log\u00edstica"},"content":{"rendered":"<p lang=\"ca-ES\" align=\"justify\"><span style=\"font-family: Candara, serif;\"><span style=\"font-size: small;\">A Ramon Cusin\u00e9 Hill, el nostre <strong>departament de Log\u00edstica<\/strong> \u00e9s un dels eixos principals de la nostra empresa i un dels nostres valors. L\u2019objectiu d\u2019aquest departament \u00e9s oferir un servei r\u00e0pid i de qualitat.<\/span><\/span><\/p>\n<p lang=\"ca-ES\" align=\"justify\"><span style=\"font-family: Candara, serif;\"><span style=\"font-size: small;\">El nostre equip hum\u00e0 est\u00e0 format per:<\/span><\/span><\/p>\n<ul>\n<li lang=\"ca-ES\"><span style=\"font-family: Candara, serif;\"><span style=\"font-size: small;\">6 persones a l\u2019oficina.<\/span><\/span><\/li>\n<li lang=\"ca-ES\"><span style=\"font-family: Candara, serif;\"><span style=\"font-size: small;\">9 persones al magatzem.<\/span><\/span><\/li>\n<li lang=\"ca-ES\"><span style=\"font-family: Candara, serif;\"><span style=\"font-size: small;\">18 persones distribuint les mercaderies.<\/span><\/span><\/li>\n<\/ul>\n<div id=\"attachment_3423\" style=\"width: 1034px\" class=\"wp-caption alignnone\"><img loading=\"lazy\" decoding=\"async\" aria-describedby=\"caption-attachment-3423\" class=\"size-full wp-image-3423\" src=\"https:\/\/www.cusine.eu\/wp-content\/uploads\/2021\/02\/212001_XXSS_RCH_Post_Twitter4.jpg\" alt=\"Fotografia del personal del departament de log\u00edstica de Ramon Cusin\u00e9 Hill\" width=\"1024\" height=\"512\" srcset=\"https:\/\/www.cusine.eu\/wp-content\/uploads\/2021\/02\/212001_XXSS_RCH_Post_Twitter4.jpg 1024w, https:\/\/www.cusine.eu\/wp-content\/uploads\/2021\/02\/212001_XXSS_RCH_Post_Twitter4-300x150.jpg 300w, https:\/\/www.cusine.eu\/wp-content\/uploads\/2021\/02\/212001_XXSS_RCH_Post_Twitter4-768x384.jpg 768w, https:\/\/www.cusine.eu\/wp-content\/uploads\/2021\/02\/212001_XXSS_RCH_Post_Twitter4-1000x500.jpg 1000w\" sizes=\"auto, (max-width: 1024px) 100vw, 1024px\" \/><p id=\"caption-attachment-3423\" class=\"wp-caption-text\">Personal de log\u00edstica de Ramon Cusin\u00e9 Hill<\/p><\/div>\n<p lang=\"ca-ES\" align=\"justify\"><span style=\"font-family: Candara, serif;\"><span style=\"font-size: small;\"><br \/>\nLa nostra flota de vehicles consta d\u2019aquestes caracter\u00edstiques:<\/span><\/span><\/p>\n<ul>\n<li lang=\"ca-ES\"><span style=\"font-family: Candara, serif;\"><span style=\"font-size: small;\">16 camions.<\/span><\/span><\/li>\n<li lang=\"ca-ES\"><span style=\"font-family: Candara, serif;\"><span style=\"font-size: small;\">3 vehicles lleugers per fer entregues urgents.<\/span><\/span><\/li>\n<li lang=\"ca-ES\"><span style=\"font-family: Candara, serif;\"><span style=\"font-size: small;\">Flota monitorada amb GPS.<\/span><\/span><\/li>\n<li lang=\"ca-ES\"><span style=\"font-family: Candara, serif;\"><span style=\"font-size: small;\">Vehicles equipats amb plataforma elevadora i transpalet el\u00e8ctric.<\/span><\/span><\/li>\n<\/ul>\n<div id=\"attachment_3424\" style=\"width: 1034px\" class=\"wp-caption alignnone\"><img loading=\"lazy\" decoding=\"async\" aria-describedby=\"caption-attachment-3424\" class=\"size-full wp-image-3424\" src=\"https:\/\/www.cusine.eu\/wp-content\/uploads\/2021\/02\/212001_XXSS_RCH_Post_Twitter5.jpg\" alt=\"Fotografia d'un toro amb el magatzem de Ramon Cusin\u00e9 Hill\" width=\"1024\" height=\"512\" srcset=\"https:\/\/www.cusine.eu\/wp-content\/uploads\/2021\/02\/212001_XXSS_RCH_Post_Twitter5.jpg 1024w, https:\/\/www.cusine.eu\/wp-content\/uploads\/2021\/02\/212001_XXSS_RCH_Post_Twitter5-300x150.jpg 300w, https:\/\/www.cusine.eu\/wp-content\/uploads\/2021\/02\/212001_XXSS_RCH_Post_Twitter5-768x384.jpg 768w, https:\/\/www.cusine.eu\/wp-content\/uploads\/2021\/02\/212001_XXSS_RCH_Post_Twitter5-1000x500.jpg 1000w\" sizes=\"auto, (max-width: 1024px) 100vw, 1024px\" \/><p id=\"caption-attachment-3424\" class=\"wp-caption-text\">Toro dins el magatzem de Ramon Cusin\u00e9 Hill<\/p><\/div>\n<p lang=\"ca-ES\" align=\"justify\"><span style=\"font-family: Candara, serif;\"><span style=\"font-size: small;\"><br \/>\nPodem enviar:<\/span><\/span><\/p>\n<ul>\n<li lang=\"ca-ES\"><span style=\"font-family: Candara, serif;\"><span style=\"font-size: small;\">150 tones al dia en camions i vehicles propis.<\/span><\/span><\/li>\n<li lang=\"ca-ES\"><span style=\"font-family: Candara, serif;\"><span style=\"font-size: small;\">800 tones al dia en camions externs.<\/span><\/span><\/li>\n<li lang=\"ca-ES\"><span style=\"font-family: Candara, serif;\"><span style=\"font-size: small;\">A Catalunya, Espanya, Portugal, Fran\u00e7a, Alemanya i resta d\u2019Europa. <\/span><\/span><\/li>\n<li lang=\"ca-ES\"><span style=\"font-family: Candara, serif;\"><span style=\"font-size: small;\">A trav\u00e9s de transport mar\u00edtim i aeri. <\/span><\/span><\/li>\n<\/ul>\n<p lang=\"ca-ES\" align=\"justify\"><span style=\"font-family: Candara, serif;\"><span style=\"font-size: small;\">Som flexibles, proactius i tenim capacitat de poder realitzar serveis urgents. Tenim el comprom\u00eds d\u2019entregar la mercaderia dins el termini pactat. I amb una \u00fanica missi\u00f3: satisfer les necessitats dels nostres clients.<\/span><\/span><\/p>\n","protected":false},"excerpt":{"rendered":"<p>A Ramon Cusin\u00e9 Hill, el nostre departament de Log\u00edstica \u00e9s un dels eixos principals de la nostra empresa i un dels nostres valors. L\u2019objectiu d\u2019aquest departament \u00e9s oferir un servei r\u00e0pid i de qualitat. El nostre equip hum\u00e0 est\u00e0 format per: 6 persones a l\u2019oficina. 9 persones al magatzem. 18 persones distribuint les mercaderies. La nostra flota de vehicles consta [&hellip;]<\/p>\n","protected":false},"author":1,"featured_media":3422,"comment_status":"closed","ping_status":"closed","sticky":false,"template":"","format":"standard","meta":{"footnotes":""},"categories":[42],"tags":[44,43,46,45],"class_list":["post-3421","post","type-post","status-publish","format-standard","has-post-thumbnail","hentry","category-logistica","tag-camions","tag-gps","tag-magatzem","tag-vehicles"],"yoast_head":"<!-- This site is optimized with the Yoast SEO plugin v27.4 - https:\/\/yoast.com\/product\/yoast-seo-wordpress\/ -->\n<title>El nostre departament de log\u00edstica - Ramon Cusin\u00e9 Hill<\/title>\n<meta name=\"robots\" content=\"index, follow, max-snippet:-1, max-image-preview:large, max-video-preview:-1\" \/>\n<link rel=\"canonical\" href=\"https:\/\/www.cusine.eu\/index.php\/el-nostre-departament-de-logistica\/\" \/>\n<meta property=\"og:locale\" content=\"ca_ES\" \/>\n<meta property=\"og:type\" content=\"article\" \/>\n<meta property=\"og:title\" content=\"El nostre departament de log\u00edstica - Ramon Cusin\u00e9 Hill\" \/>\n<meta property=\"og:description\" content=\"A Ramon Cusin\u00e9 Hill, el nostre departament de Log\u00edstica \u00e9s un dels eixos principals de la nostra empresa i un dels nostres valors. L\u2019objectiu d\u2019aquest departament \u00e9s oferir un servei r\u00e0pid i de qualitat. El nostre equip hum\u00e0 est\u00e0 format per: 6 persones a l\u2019oficina. 9 persones al magatzem. 18 persones distribuint les mercaderies. La nostra flota de vehicles consta [&hellip;]\" \/>\n<meta property=\"og:url\" content=\"https:\/\/www.cusine.eu\/index.php\/el-nostre-departament-de-logistica\/\" \/>\n<meta property=\"og:site_name\" content=\"Ramon Cusin\u00e9 Hill\" \/>\n<meta property=\"article:publisher\" content=\"https:\/\/www.facebook.com\/cusine.eu\" \/>\n<meta property=\"article:published_time\" content=\"2021-02-16T16:54:28+00:00\" \/>\n<meta property=\"article:modified_time\" content=\"2021-02-16T17:11:11+00:00\" \/>\n<meta property=\"og:image\" content=\"https:\/\/www.cusine.eu\/wp-content\/uploads\/2021\/02\/212001_XXSS_RCH_Post_Twitter6.jpg\" \/>\n\t<meta property=\"og:image:width\" content=\"1024\" \/>\n\t<meta property=\"og:image:height\" content=\"512\" \/>\n\t<meta property=\"og:image:type\" content=\"image\/jpeg\" \/>\n<meta name=\"author\" content=\"xavi\" \/>\n<meta name=\"twitter:card\" content=\"summary_large_image\" \/>\n<meta name=\"twitter:creator\" content=\"@cusine_eu\" \/>\n<meta name=\"twitter:site\" content=\"@cusine_eu\" \/>\n<meta name=\"twitter:label1\" content=\"Escrit per\" \/>\n\t<meta name=\"twitter:data1\" content=\"xavi\" \/>\n\t<meta name=\"twitter:label2\" content=\"Temps estimat de lectura\" \/>\n\t<meta name=\"twitter:data2\" content=\"1 minut\" \/>\n<script type=\"application\/ld+json\" class=\"yoast-schema-graph\">{\"@context\":\"https:\\\/\\\/schema.org\",\"@graph\":[{\"@type\":\"Article\",\"@id\":\"https:\\\/\\\/www.cusine.eu\\\/index.php\\\/el-nostre-departament-de-logistica\\\/#article\",\"isPartOf\":{\"@id\":\"https:\\\/\\\/www.cusine.eu\\\/index.php\\\/el-nostre-departament-de-logistica\\\/\"},\"author\":{\"name\":\"xavi\",\"@id\":\"https:\\\/\\\/www.cusine.eu\\\/#\\\/schema\\\/person\\\/64fa1c4f5e97060cbf9ff70e862f2b65\"},\"headline\":\"El nostre departament de log\u00edstica\",\"datePublished\":\"2021-02-16T16:54:28+00:00\",\"dateModified\":\"2021-02-16T17:11:11+00:00\",\"mainEntityOfPage\":{\"@id\":\"https:\\\/\\\/www.cusine.eu\\\/index.php\\\/el-nostre-departament-de-logistica\\\/\"},\"wordCount\":192,\"publisher\":{\"@id\":\"https:\\\/\\\/www.cusine.eu\\\/#organization\"},\"image\":{\"@id\":\"https:\\\/\\\/www.cusine.eu\\\/index.php\\\/el-nostre-departament-de-logistica\\\/#primaryimage\"},\"thumbnailUrl\":\"https:\\\/\\\/www.cusine.eu\\\/wp-content\\\/uploads\\\/2021\\\/02\\\/212001_XXSS_RCH_Post_Twitter6.jpg\",\"keywords\":[\"camions\",\"gps\",\"magatzem\",\"vehicles\"],\"articleSection\":[\"logistica\"],\"inLanguage\":\"ca\"},{\"@type\":\"WebPage\",\"@id\":\"https:\\\/\\\/www.cusine.eu\\\/index.php\\\/el-nostre-departament-de-logistica\\\/\",\"url\":\"https:\\\/\\\/www.cusine.eu\\\/index.php\\\/el-nostre-departament-de-logistica\\\/\",\"name\":\"El nostre departament de log\u00edstica - Ramon Cusin\u00e9 Hill\",\"isPartOf\":{\"@id\":\"https:\\\/\\\/www.cusine.eu\\\/#website\"},\"primaryImageOfPage\":{\"@id\":\"https:\\\/\\\/www.cusine.eu\\\/index.php\\\/el-nostre-departament-de-logistica\\\/#primaryimage\"},\"image\":{\"@id\":\"https:\\\/\\\/www.cusine.eu\\\/index.php\\\/el-nostre-departament-de-logistica\\\/#primaryimage\"},\"thumbnailUrl\":\"https:\\\/\\\/www.cusine.eu\\\/wp-content\\\/uploads\\\/2021\\\/02\\\/212001_XXSS_RCH_Post_Twitter6.jpg\",\"datePublished\":\"2021-02-16T16:54:28+00:00\",\"dateModified\":\"2021-02-16T17:11:11+00:00\",\"inLanguage\":\"ca\",\"potentialAction\":[{\"@type\":\"ReadAction\",\"target\":[\"https:\\\/\\\/www.cusine.eu\\\/index.php\\\/el-nostre-departament-de-logistica\\\/\"]}]},{\"@type\":\"ImageObject\",\"inLanguage\":\"ca\",\"@id\":\"https:\\\/\\\/www.cusine.eu\\\/index.php\\\/el-nostre-departament-de-logistica\\\/#primaryimage\",\"url\":\"https:\\\/\\\/www.cusine.eu\\\/wp-content\\\/uploads\\\/2021\\\/02\\\/212001_XXSS_RCH_Post_Twitter6.jpg\",\"contentUrl\":\"https:\\\/\\\/www.cusine.eu\\\/wp-content\\\/uploads\\\/2021\\\/02\\\/212001_XXSS_RCH_Post_Twitter6.jpg\",\"width\":1024,\"height\":512,\"caption\":\"Magatzem de Ramon Cusin\u00e9 Hill.\"},{\"@type\":\"WebSite\",\"@id\":\"https:\\\/\\\/www.cusine.eu\\\/#website\",\"url\":\"https:\\\/\\\/www.cusine.eu\\\/\",\"name\":\"Ramon Cusin\u00e9 Hill\",\"description\":\"Global Raw Material Supplier\",\"publisher\":{\"@id\":\"https:\\\/\\\/www.cusine.eu\\\/#organization\"},\"potentialAction\":[{\"@type\":\"SearchAction\",\"target\":{\"@type\":\"EntryPoint\",\"urlTemplate\":\"https:\\\/\\\/www.cusine.eu\\\/?s={search_term_string}\"},\"query-input\":{\"@type\":\"PropertyValueSpecification\",\"valueRequired\":true,\"valueName\":\"search_term_string\"}}],\"inLanguage\":\"ca\"},{\"@type\":\"Organization\",\"@id\":\"https:\\\/\\\/www.cusine.eu\\\/#organization\",\"name\":\"Ramon Cusin\u00e9 Hill\",\"url\":\"https:\\\/\\\/www.cusine.eu\\\/\",\"logo\":{\"@type\":\"ImageObject\",\"inLanguage\":\"ca\",\"@id\":\"https:\\\/\\\/www.cusine.eu\\\/#\\\/schema\\\/logo\\\/image\\\/\",\"url\":\"https:\\\/\\\/www.cusine.eu\\\/wp-content\\\/uploads\\\/2016\\\/01\\\/cropped-CUSINE__LOGO_principal_POSITIU__WEB-1.png\",\"contentUrl\":\"https:\\\/\\\/www.cusine.eu\\\/wp-content\\\/uploads\\\/2016\\\/01\\\/cropped-CUSINE__LOGO_principal_POSITIU__WEB-1.png\",\"width\":362,\"height\":150,\"caption\":\"Ramon Cusin\u00e9 Hill\"},\"image\":{\"@id\":\"https:\\\/\\\/www.cusine.eu\\\/#\\\/schema\\\/logo\\\/image\\\/\"},\"sameAs\":[\"https:\\\/\\\/www.facebook.com\\\/cusine.eu\",\"https:\\\/\\\/x.com\\\/cusine_eu\",\"https:\\\/\\\/www.instagram.com\\\/cusine_eu\\\/\"]},{\"@type\":\"Person\",\"@id\":\"https:\\\/\\\/www.cusine.eu\\\/#\\\/schema\\\/person\\\/64fa1c4f5e97060cbf9ff70e862f2b65\",\"name\":\"xavi\",\"image\":{\"@type\":\"ImageObject\",\"inLanguage\":\"ca\",\"@id\":\"https:\\\/\\\/secure.gravatar.com\\\/avatar\\\/af05262cf3977d5a4bc00783fa3e3b46c9a21f242558177807e11e4cbc6dea2f?s=96&d=mm&r=g\",\"url\":\"https:\\\/\\\/secure.gravatar.com\\\/avatar\\\/af05262cf3977d5a4bc00783fa3e3b46c9a21f242558177807e11e4cbc6dea2f?s=96&d=mm&r=g\",\"contentUrl\":\"https:\\\/\\\/secure.gravatar.com\\\/avatar\\\/af05262cf3977d5a4bc00783fa3e3b46c9a21f242558177807e11e4cbc6dea2f?s=96&d=mm&r=g\",\"caption\":\"xavi\"},\"url\":\"https:\\\/\\\/www.cusine.eu\\\/index.php\\\/author\\\/xavi\\\/\"}]}<\/script>\n<!-- \/ Yoast SEO plugin. -->","yoast_head_json":{"title":"El nostre departament de log\u00edstica - Ramon Cusin\u00e9 Hill","robots":{"index":"index","follow":"follow","max-snippet":"max-snippet:-1","max-image-preview":"max-image-preview:large","max-video-preview":"max-video-preview:-1"},"canonical":"https:\/\/www.cusine.eu\/index.php\/el-nostre-departament-de-logistica\/","og_locale":"ca_ES","og_type":"article","og_title":"El nostre departament de log\u00edstica - Ramon Cusin\u00e9 Hill","og_description":"A Ramon Cusin\u00e9 Hill, el nostre departament de Log\u00edstica \u00e9s un dels eixos principals de la nostra empresa i un dels nostres valors. L\u2019objectiu d\u2019aquest departament \u00e9s oferir un servei r\u00e0pid i de qualitat. El nostre equip hum\u00e0 est\u00e0 format per: 6 persones a l\u2019oficina. 9 persones al magatzem. 18 persones distribuint les mercaderies. La nostra flota de vehicles consta [&hellip;]","og_url":"https:\/\/www.cusine.eu\/index.php\/el-nostre-departament-de-logistica\/","og_site_name":"Ramon Cusin\u00e9 Hill","article_publisher":"https:\/\/www.facebook.com\/cusine.eu","article_published_time":"2021-02-16T16:54:28+00:00","article_modified_time":"2021-02-16T17:11:11+00:00","og_image":[{"width":1024,"height":512,"url":"https:\/\/www.cusine.eu\/wp-content\/uploads\/2021\/02\/212001_XXSS_RCH_Post_Twitter6.jpg","type":"image\/jpeg"}],"author":"xavi","twitter_card":"summary_large_image","twitter_creator":"@cusine_eu","twitter_site":"@cusine_eu","twitter_misc":{"Escrit per":"xavi","Temps estimat de lectura":"1 minut"},"schema":{"@context":"https:\/\/schema.org","@graph":[{"@type":"Article","@id":"https:\/\/www.cusine.eu\/index.php\/el-nostre-departament-de-logistica\/#article","isPartOf":{"@id":"https:\/\/www.cusine.eu\/index.php\/el-nostre-departament-de-logistica\/"},"author":{"name":"xavi","@id":"https:\/\/www.cusine.eu\/#\/schema\/person\/64fa1c4f5e97060cbf9ff70e862f2b65"},"headline":"El nostre departament de log\u00edstica","datePublished":"2021-02-16T16:54:28+00:00","dateModified":"2021-02-16T17:11:11+00:00","mainEntityOfPage":{"@id":"https:\/\/www.cusine.eu\/index.php\/el-nostre-departament-de-logistica\/"},"wordCount":192,"publisher":{"@id":"https:\/\/www.cusine.eu\/#organization"},"image":{"@id":"https:\/\/www.cusine.eu\/index.php\/el-nostre-departament-de-logistica\/#primaryimage"},"thumbnailUrl":"https:\/\/www.cusine.eu\/wp-content\/uploads\/2021\/02\/212001_XXSS_RCH_Post_Twitter6.jpg","keywords":["camions","gps","magatzem","vehicles"],"articleSection":["logistica"],"inLanguage":"ca"},{"@type":"WebPage","@id":"https:\/\/www.cusine.eu\/index.php\/el-nostre-departament-de-logistica\/","url":"https:\/\/www.cusine.eu\/index.php\/el-nostre-departament-de-logistica\/","name":"El nostre departament de log\u00edstica - Ramon Cusin\u00e9 Hill","isPartOf":{"@id":"https:\/\/www.cusine.eu\/#website"},"primaryImageOfPage":{"@id":"https:\/\/www.cusine.eu\/index.php\/el-nostre-departament-de-logistica\/#primaryimage"},"image":{"@id":"https:\/\/www.cusine.eu\/index.php\/el-nostre-departament-de-logistica\/#primaryimage"},"thumbnailUrl":"https:\/\/www.cusine.eu\/wp-content\/uploads\/2021\/02\/212001_XXSS_RCH_Post_Twitter6.jpg","datePublished":"2021-02-16T16:54:28+00:00","dateModified":"2021-02-16T17:11:11+00:00","inLanguage":"ca","potentialAction":[{"@type":"ReadAction","target":["https:\/\/www.cusine.eu\/index.php\/el-nostre-departament-de-logistica\/"]}]},{"@type":"ImageObject","inLanguage":"ca","@id":"https:\/\/www.cusine.eu\/index.php\/el-nostre-departament-de-logistica\/#primaryimage","url":"https:\/\/www.cusine.eu\/wp-content\/uploads\/2021\/02\/212001_XXSS_RCH_Post_Twitter6.jpg","contentUrl":"https:\/\/www.cusine.eu\/wp-content\/uploads\/2021\/02\/212001_XXSS_RCH_Post_Twitter6.jpg","width":1024,"height":512,"caption":"Magatzem de Ramon Cusin\u00e9 Hill."},{"@type":"WebSite","@id":"https:\/\/www.cusine.eu\/#website","url":"https:\/\/www.cusine.eu\/","name":"Ramon Cusin\u00e9 Hill","description":"Global Raw Material Supplier","publisher":{"@id":"https:\/\/www.cusine.eu\/#organization"},"potentialAction":[{"@type":"SearchAction","target":{"@type":"EntryPoint","urlTemplate":"https:\/\/www.cusine.eu\/?s={search_term_string}"},"query-input":{"@type":"PropertyValueSpecification","valueRequired":true,"valueName":"search_term_string"}}],"inLanguage":"ca"},{"@type":"Organization","@id":"https:\/\/www.cusine.eu\/#organization","name":"Ramon Cusin\u00e9 Hill","url":"https:\/\/www.cusine.eu\/","logo":{"@type":"ImageObject","inLanguage":"ca","@id":"https:\/\/www.cusine.eu\/#\/schema\/logo\/image\/","url":"https:\/\/www.cusine.eu\/wp-content\/uploads\/2016\/01\/cropped-CUSINE__LOGO_principal_POSITIU__WEB-1.png","contentUrl":"https:\/\/www.cusine.eu\/wp-content\/uploads\/2016\/01\/cropped-CUSINE__LOGO_principal_POSITIU__WEB-1.png","width":362,"height":150,"caption":"Ramon Cusin\u00e9 Hill"},"image":{"@id":"https:\/\/www.cusine.eu\/#\/schema\/logo\/image\/"},"sameAs":["https:\/\/www.facebook.com\/cusine.eu","https:\/\/x.com\/cusine_eu","https:\/\/www.instagram.com\/cusine_eu\/"]},{"@type":"Person","@id":"https:\/\/www.cusine.eu\/#\/schema\/person\/64fa1c4f5e97060cbf9ff70e862f2b65","name":"xavi","image":{"@type":"ImageObject","inLanguage":"ca","@id":"https:\/\/secure.gravatar.com\/avatar\/af05262cf3977d5a4bc00783fa3e3b46c9a21f242558177807e11e4cbc6dea2f?s=96&d=mm&r=g","url":"https:\/\/secure.gravatar.com\/avatar\/af05262cf3977d5a4bc00783fa3e3b46c9a21f242558177807e11e4cbc6dea2f?s=96&d=mm&r=g","contentUrl":"https:\/\/secure.gravatar.com\/avatar\/af05262cf3977d5a4bc00783fa3e3b46c9a21f242558177807e11e4cbc6dea2f?s=96&d=mm&r=g","caption":"xavi"},"url":"https:\/\/www.cusine.eu\/index.php\/author\/xavi\/"}]}},"_links":{"self":[{"href":"https:\/\/www.cusine.eu\/index.php\/wp-json\/wp\/v2\/posts\/3421","targetHints":{"allow":["GET"]}}],"collection":[{"href":"https:\/\/www.cusine.eu\/index.php\/wp-json\/wp\/v2\/posts"}],"about":[{"href":"https:\/\/www.cusine.eu\/index.php\/wp-json\/wp\/v2\/types\/post"}],"author":[{"embeddable":true,"href":"https:\/\/www.cusine.eu\/index.php\/wp-json\/wp\/v2\/users\/1"}],"replies":[{"embeddable":true,"href":"https:\/\/www.cusine.eu\/index.php\/wp-json\/wp\/v2\/comments?post=3421"}],"version-history":[{"count":2,"href":"https:\/\/www.cusine.eu\/index.php\/wp-json\/wp\/v2\/posts\/3421\/revisions"}],"predecessor-version":[{"id":3431,"href":"https:\/\/www.cusine.eu\/index.php\/wp-json\/wp\/v2\/posts\/3421\/revisions\/3431"}],"wp:featuredmedia":[{"embeddable":true,"href":"https:\/\/www.cusine.eu\/index.php\/wp-json\/wp\/v2\/media\/3422"}],"wp:attachment":[{"href":"https:\/\/www.cusine.eu\/index.php\/wp-json\/wp\/v2\/media?parent=3421"}],"wp:term":[{"taxonomy":"category","embeddable":true,"href":"https:\/\/www.cusine.eu\/index.php\/wp-json\/wp\/v2\/categories?post=3421"},{"taxonomy":"post_tag","embeddable":true,"href":"https:\/\/www.cusine.eu\/index.php\/wp-json\/wp\/v2\/tags?post=3421"}],"curies":[{"name":"wp","href":"https:\/\/api.w.org\/{rel}","templated":true}]}}