{"id":3434,"date":"2021-02-24T16:04:46","date_gmt":"2021-02-24T16:04:46","guid":{"rendered":"https:\/\/www.cusine.eu\/?p=3434"},"modified":"2021-02-24T16:04:46","modified_gmt":"2021-02-24T16:04:46","slug":"donatiu-al-rebost-solidari-banc-dels-aliments","status":"publish","type":"post","link":"https:\/\/www.cusine.eu\/index.php\/donatiu-al-rebost-solidari-banc-dels-aliments\/","title":{"rendered":"Donatiu al Rebost Solidari &#8211; Banc dels Aliments"},"content":{"rendered":"<p lang=\"ca-ES\" align=\"justify\"><span style=\"font-family: Candara, serif;\"><span style=\"font-size: small;\">A <strong>Ramon Cusin\u00e9 Hill<\/strong> ens agrada ajudar als m\u00e9s necessitats. Per aquest motiu hem fet una <strong>donaci\u00f3<\/strong> de m\u00e9s de 800 Kg d\u2019aliments de primera necessitats i aliments envasats, a l\u2019Associaci\u00f3 el Ress\u00f2 , gestora del <strong>Rebost Solidari &#8211; Banc dels Aliments<\/strong>. <\/span><\/span><\/p>\n<p lang=\"ca-ES\" align=\"justify\"><span style=\"font-family: Candara, serif;\"><span style=\"font-size: small;\">Una vegada m\u00e9s, al vostre costat. <\/span><\/span><\/p>\n","protected":false},"excerpt":{"rendered":"<p>A Ramon Cusin\u00e9 Hill ens agrada ajudar als m\u00e9s necessitats. Per aquest motiu hem fet una donaci\u00f3 de m\u00e9s de 800 Kg d\u2019aliments de primera necessitats i aliments envasats, a l\u2019Associaci\u00f3 el Ress\u00f2 , gestora del Rebost Solidari &#8211; Banc dels Aliments. Una vegada m\u00e9s, al vostre costat.<\/p>\n","protected":false},"author":1,"featured_media":3435,"comment_status":"closed","ping_status":"closed","sticky":false,"template":"","format":"standard","meta":{"footnotes":""},"categories":[7,53],"tags":[54,55],"class_list":["post-3434","post","type-post","status-publish","format-standard","has-post-thumbnail","hentry","category-noticies","category-responsabilitat-social-corporativa","tag-banc-dels-aliments","tag-donatiu"],"yoast_head":"<!-- This site is optimized with the Yoast SEO plugin v27.4 - https:\/\/yoast.com\/product\/yoast-seo-wordpress\/ -->\n<title>Donatiu al Rebost Solidari - Banc dels Aliments - Ramon Cusin\u00e9 Hill<\/title>\n<meta name=\"robots\" content=\"index, follow, max-snippet:-1, max-image-preview:large, max-video-preview:-1\" \/>\n<link rel=\"canonical\" href=\"https:\/\/www.cusine.eu\/index.php\/donatiu-al-rebost-solidari-banc-dels-aliments\/\" \/>\n<meta property=\"og:locale\" content=\"ca_ES\" \/>\n<meta property=\"og:type\" content=\"article\" \/>\n<meta property=\"og:title\" content=\"Donatiu al Rebost Solidari - Banc dels Aliments - Ramon Cusin\u00e9 Hill\" \/>\n<meta property=\"og:description\" content=\"A Ramon Cusin\u00e9 Hill ens agrada ajudar als m\u00e9s necessitats. Per aquest motiu hem fet una donaci\u00f3 de m\u00e9s de 800 Kg d\u2019aliments de primera necessitats i aliments envasats, a l\u2019Associaci\u00f3 el Ress\u00f2 , gestora del Rebost Solidari &#8211; Banc dels Aliments. Una vegada m\u00e9s, al vostre costat.\" \/>\n<meta property=\"og:url\" content=\"https:\/\/www.cusine.eu\/index.php\/donatiu-al-rebost-solidari-banc-dels-aliments\/\" \/>\n<meta property=\"og:site_name\" content=\"Ramon Cusin\u00e9 Hill\" \/>\n<meta property=\"article:publisher\" content=\"https:\/\/www.facebook.com\/cusine.eu\" \/>\n<meta property=\"article:published_time\" content=\"2021-02-24T16:04:46+00:00\" \/>\n<meta property=\"og:image\" content=\"https:\/\/www.cusine.eu\/wp-content\/uploads\/2021\/02\/211802_XXSS_RCH_Post_Facebook4.jpg\" \/>\n\t<meta property=\"og:image:width\" content=\"1200\" \/>\n\t<meta property=\"og:image:height\" content=\"1200\" \/>\n\t<meta property=\"og:image:type\" content=\"image\/jpeg\" \/>\n<meta name=\"author\" content=\"xavi\" \/>\n<meta name=\"twitter:card\" content=\"summary_large_image\" \/>\n<meta name=\"twitter:creator\" content=\"@cusine_eu\" \/>\n<meta name=\"twitter:site\" content=\"@cusine_eu\" \/>\n<meta name=\"twitter:label1\" content=\"Escrit per\" \/>\n\t<meta name=\"twitter:data1\" content=\"xavi\" \/>\n<script type=\"application\/ld+json\" class=\"yoast-schema-graph\">{\"@context\":\"https:\\\/\\\/schema.org\",\"@graph\":[{\"@type\":\"Article\",\"@id\":\"https:\\\/\\\/www.cusine.eu\\\/index.php\\\/donatiu-al-rebost-solidari-banc-dels-aliments\\\/#article\",\"isPartOf\":{\"@id\":\"https:\\\/\\\/www.cusine.eu\\\/index.php\\\/donatiu-al-rebost-solidari-banc-dels-aliments\\\/\"},\"author\":{\"name\":\"xavi\",\"@id\":\"https:\\\/\\\/www.cusine.eu\\\/#\\\/schema\\\/person\\\/64fa1c4f5e97060cbf9ff70e862f2b65\"},\"headline\":\"Donatiu al Rebost Solidari &#8211; Banc dels Aliments\",\"datePublished\":\"2021-02-24T16:04:46+00:00\",\"mainEntityOfPage\":{\"@id\":\"https:\\\/\\\/www.cusine.eu\\\/index.php\\\/donatiu-al-rebost-solidari-banc-dels-aliments\\\/\"},\"wordCount\":59,\"publisher\":{\"@id\":\"https:\\\/\\\/www.cusine.eu\\\/#organization\"},\"image\":{\"@id\":\"https:\\\/\\\/www.cusine.eu\\\/index.php\\\/donatiu-al-rebost-solidari-banc-dels-aliments\\\/#primaryimage\"},\"thumbnailUrl\":\"https:\\\/\\\/www.cusine.eu\\\/wp-content\\\/uploads\\\/2021\\\/02\\\/211802_XXSS_RCH_Post_Facebook4.jpg\",\"keywords\":[\"banc dels aliments\",\"donatiu\"],\"articleSection\":[\"Noticies\",\"Responsabilitat Social Corporativa\"],\"inLanguage\":\"ca\"},{\"@type\":\"WebPage\",\"@id\":\"https:\\\/\\\/www.cusine.eu\\\/index.php\\\/donatiu-al-rebost-solidari-banc-dels-aliments\\\/\",\"url\":\"https:\\\/\\\/www.cusine.eu\\\/index.php\\\/donatiu-al-rebost-solidari-banc-dels-aliments\\\/\",\"name\":\"Donatiu al Rebost Solidari - Banc dels Aliments - Ramon Cusin\u00e9 Hill\",\"isPartOf\":{\"@id\":\"https:\\\/\\\/www.cusine.eu\\\/#website\"},\"primaryImageOfPage\":{\"@id\":\"https:\\\/\\\/www.cusine.eu\\\/index.php\\\/donatiu-al-rebost-solidari-banc-dels-aliments\\\/#primaryimage\"},\"image\":{\"@id\":\"https:\\\/\\\/www.cusine.eu\\\/index.php\\\/donatiu-al-rebost-solidari-banc-dels-aliments\\\/#primaryimage\"},\"thumbnailUrl\":\"https:\\\/\\\/www.cusine.eu\\\/wp-content\\\/uploads\\\/2021\\\/02\\\/211802_XXSS_RCH_Post_Facebook4.jpg\",\"datePublished\":\"2021-02-24T16:04:46+00:00\",\"inLanguage\":\"ca\",\"potentialAction\":[{\"@type\":\"ReadAction\",\"target\":[\"https:\\\/\\\/www.cusine.eu\\\/index.php\\\/donatiu-al-rebost-solidari-banc-dels-aliments\\\/\"]}]},{\"@type\":\"ImageObject\",\"inLanguage\":\"ca\",\"@id\":\"https:\\\/\\\/www.cusine.eu\\\/index.php\\\/donatiu-al-rebost-solidari-banc-dels-aliments\\\/#primaryimage\",\"url\":\"https:\\\/\\\/www.cusine.eu\\\/wp-content\\\/uploads\\\/2021\\\/02\\\/211802_XXSS_RCH_Post_Facebook4.jpg\",\"contentUrl\":\"https:\\\/\\\/www.cusine.eu\\\/wp-content\\\/uploads\\\/2021\\\/02\\\/211802_XXSS_RCH_Post_Facebook4.jpg\",\"width\":1200,\"height\":1200,\"caption\":\"Ramon Cusin\u00e9 col\u00b7labora amb el Banc dels Aliments fent donatius d'aliments de primera necessitat.\"},{\"@type\":\"WebSite\",\"@id\":\"https:\\\/\\\/www.cusine.eu\\\/#website\",\"url\":\"https:\\\/\\\/www.cusine.eu\\\/\",\"name\":\"Ramon Cusin\u00e9 Hill\",\"description\":\"Global Raw Material Supplier\",\"publisher\":{\"@id\":\"https:\\\/\\\/www.cusine.eu\\\/#organization\"},\"potentialAction\":[{\"@type\":\"SearchAction\",\"target\":{\"@type\":\"EntryPoint\",\"urlTemplate\":\"https:\\\/\\\/www.cusine.eu\\\/?s={search_term_string}\"},\"query-input\":{\"@type\":\"PropertyValueSpecification\",\"valueRequired\":true,\"valueName\":\"search_term_string\"}}],\"inLanguage\":\"ca\"},{\"@type\":\"Organization\",\"@id\":\"https:\\\/\\\/www.cusine.eu\\\/#organization\",\"name\":\"Ramon Cusin\u00e9 Hill\",\"url\":\"https:\\\/\\\/www.cusine.eu\\\/\",\"logo\":{\"@type\":\"ImageObject\",\"inLanguage\":\"ca\",\"@id\":\"https:\\\/\\\/www.cusine.eu\\\/#\\\/schema\\\/logo\\\/image\\\/\",\"url\":\"https:\\\/\\\/www.cusine.eu\\\/wp-content\\\/uploads\\\/2016\\\/01\\\/cropped-CUSINE__LOGO_principal_POSITIU__WEB-1.png\",\"contentUrl\":\"https:\\\/\\\/www.cusine.eu\\\/wp-content\\\/uploads\\\/2016\\\/01\\\/cropped-CUSINE__LOGO_principal_POSITIU__WEB-1.png\",\"width\":362,\"height\":150,\"caption\":\"Ramon Cusin\u00e9 Hill\"},\"image\":{\"@id\":\"https:\\\/\\\/www.cusine.eu\\\/#\\\/schema\\\/logo\\\/image\\\/\"},\"sameAs\":[\"https:\\\/\\\/www.facebook.com\\\/cusine.eu\",\"https:\\\/\\\/x.com\\\/cusine_eu\",\"https:\\\/\\\/www.instagram.com\\\/cusine_eu\\\/\"]},{\"@type\":\"Person\",\"@id\":\"https:\\\/\\\/www.cusine.eu\\\/#\\\/schema\\\/person\\\/64fa1c4f5e97060cbf9ff70e862f2b65\",\"name\":\"xavi\",\"image\":{\"@type\":\"ImageObject\",\"inLanguage\":\"ca\",\"@id\":\"https:\\\/\\\/secure.gravatar.com\\\/avatar\\\/af05262cf3977d5a4bc00783fa3e3b46c9a21f242558177807e11e4cbc6dea2f?s=96&d=mm&r=g\",\"url\":\"https:\\\/\\\/secure.gravatar.com\\\/avatar\\\/af05262cf3977d5a4bc00783fa3e3b46c9a21f242558177807e11e4cbc6dea2f?s=96&d=mm&r=g\",\"contentUrl\":\"https:\\\/\\\/secure.gravatar.com\\\/avatar\\\/af05262cf3977d5a4bc00783fa3e3b46c9a21f242558177807e11e4cbc6dea2f?s=96&d=mm&r=g\",\"caption\":\"xavi\"},\"url\":\"https:\\\/\\\/www.cusine.eu\\\/index.php\\\/author\\\/xavi\\\/\"}]}<\/script>\n<!-- \/ Yoast SEO plugin. -->","yoast_head_json":{"title":"Donatiu al Rebost Solidari - Banc dels Aliments - Ramon Cusin\u00e9 Hill","robots":{"index":"index","follow":"follow","max-snippet":"max-snippet:-1","max-image-preview":"max-image-preview:large","max-video-preview":"max-video-preview:-1"},"canonical":"https:\/\/www.cusine.eu\/index.php\/donatiu-al-rebost-solidari-banc-dels-aliments\/","og_locale":"ca_ES","og_type":"article","og_title":"Donatiu al Rebost Solidari - Banc dels Aliments - Ramon Cusin\u00e9 Hill","og_description":"A Ramon Cusin\u00e9 Hill ens agrada ajudar als m\u00e9s necessitats. Per aquest motiu hem fet una donaci\u00f3 de m\u00e9s de 800 Kg d\u2019aliments de primera necessitats i aliments envasats, a l\u2019Associaci\u00f3 el Ress\u00f2 , gestora del Rebost Solidari &#8211; Banc dels Aliments. Una vegada m\u00e9s, al vostre costat.","og_url":"https:\/\/www.cusine.eu\/index.php\/donatiu-al-rebost-solidari-banc-dels-aliments\/","og_site_name":"Ramon Cusin\u00e9 Hill","article_publisher":"https:\/\/www.facebook.com\/cusine.eu","article_published_time":"2021-02-24T16:04:46+00:00","og_image":[{"width":1200,"height":1200,"url":"https:\/\/www.cusine.eu\/wp-content\/uploads\/2021\/02\/211802_XXSS_RCH_Post_Facebook4.jpg","type":"image\/jpeg"}],"author":"xavi","twitter_card":"summary_large_image","twitter_creator":"@cusine_eu","twitter_site":"@cusine_eu","twitter_misc":{"Escrit per":"xavi"},"schema":{"@context":"https:\/\/schema.org","@graph":[{"@type":"Article","@id":"https:\/\/www.cusine.eu\/index.php\/donatiu-al-rebost-solidari-banc-dels-aliments\/#article","isPartOf":{"@id":"https:\/\/www.cusine.eu\/index.php\/donatiu-al-rebost-solidari-banc-dels-aliments\/"},"author":{"name":"xavi","@id":"https:\/\/www.cusine.eu\/#\/schema\/person\/64fa1c4f5e97060cbf9ff70e862f2b65"},"headline":"Donatiu al Rebost Solidari &#8211; Banc dels Aliments","datePublished":"2021-02-24T16:04:46+00:00","mainEntityOfPage":{"@id":"https:\/\/www.cusine.eu\/index.php\/donatiu-al-rebost-solidari-banc-dels-aliments\/"},"wordCount":59,"publisher":{"@id":"https:\/\/www.cusine.eu\/#organization"},"image":{"@id":"https:\/\/www.cusine.eu\/index.php\/donatiu-al-rebost-solidari-banc-dels-aliments\/#primaryimage"},"thumbnailUrl":"https:\/\/www.cusine.eu\/wp-content\/uploads\/2021\/02\/211802_XXSS_RCH_Post_Facebook4.jpg","keywords":["banc dels aliments","donatiu"],"articleSection":["Noticies","Responsabilitat Social Corporativa"],"inLanguage":"ca"},{"@type":"WebPage","@id":"https:\/\/www.cusine.eu\/index.php\/donatiu-al-rebost-solidari-banc-dels-aliments\/","url":"https:\/\/www.cusine.eu\/index.php\/donatiu-al-rebost-solidari-banc-dels-aliments\/","name":"Donatiu al Rebost Solidari - Banc dels Aliments - Ramon Cusin\u00e9 Hill","isPartOf":{"@id":"https:\/\/www.cusine.eu\/#website"},"primaryImageOfPage":{"@id":"https:\/\/www.cusine.eu\/index.php\/donatiu-al-rebost-solidari-banc-dels-aliments\/#primaryimage"},"image":{"@id":"https:\/\/www.cusine.eu\/index.php\/donatiu-al-rebost-solidari-banc-dels-aliments\/#primaryimage"},"thumbnailUrl":"https:\/\/www.cusine.eu\/wp-content\/uploads\/2021\/02\/211802_XXSS_RCH_Post_Facebook4.jpg","datePublished":"2021-02-24T16:04:46+00:00","inLanguage":"ca","potentialAction":[{"@type":"ReadAction","target":["https:\/\/www.cusine.eu\/index.php\/donatiu-al-rebost-solidari-banc-dels-aliments\/"]}]},{"@type":"ImageObject","inLanguage":"ca","@id":"https:\/\/www.cusine.eu\/index.php\/donatiu-al-rebost-solidari-banc-dels-aliments\/#primaryimage","url":"https:\/\/www.cusine.eu\/wp-content\/uploads\/2021\/02\/211802_XXSS_RCH_Post_Facebook4.jpg","contentUrl":"https:\/\/www.cusine.eu\/wp-content\/uploads\/2021\/02\/211802_XXSS_RCH_Post_Facebook4.jpg","width":1200,"height":1200,"caption":"Ramon Cusin\u00e9 col\u00b7labora amb el Banc dels Aliments fent donatius d'aliments de primera necessitat."},{"@type":"WebSite","@id":"https:\/\/www.cusine.eu\/#website","url":"https:\/\/www.cusine.eu\/","name":"Ramon Cusin\u00e9 Hill","description":"Global Raw Material Supplier","publisher":{"@id":"https:\/\/www.cusine.eu\/#organization"},"potentialAction":[{"@type":"SearchAction","target":{"@type":"EntryPoint","urlTemplate":"https:\/\/www.cusine.eu\/?s={search_term_string}"},"query-input":{"@type":"PropertyValueSpecification","valueRequired":true,"valueName":"search_term_string"}}],"inLanguage":"ca"},{"@type":"Organization","@id":"https:\/\/www.cusine.eu\/#organization","name":"Ramon Cusin\u00e9 Hill","url":"https:\/\/www.cusine.eu\/","logo":{"@type":"ImageObject","inLanguage":"ca","@id":"https:\/\/www.cusine.eu\/#\/schema\/logo\/image\/","url":"https:\/\/www.cusine.eu\/wp-content\/uploads\/2016\/01\/cropped-CUSINE__LOGO_principal_POSITIU__WEB-1.png","contentUrl":"https:\/\/www.cusine.eu\/wp-content\/uploads\/2016\/01\/cropped-CUSINE__LOGO_principal_POSITIU__WEB-1.png","width":362,"height":150,"caption":"Ramon Cusin\u00e9 Hill"},"image":{"@id":"https:\/\/www.cusine.eu\/#\/schema\/logo\/image\/"},"sameAs":["https:\/\/www.facebook.com\/cusine.eu","https:\/\/x.com\/cusine_eu","https:\/\/www.instagram.com\/cusine_eu\/"]},{"@type":"Person","@id":"https:\/\/www.cusine.eu\/#\/schema\/person\/64fa1c4f5e97060cbf9ff70e862f2b65","name":"xavi","image":{"@type":"ImageObject","inLanguage":"ca","@id":"https:\/\/secure.gravatar.com\/avatar\/af05262cf3977d5a4bc00783fa3e3b46c9a21f242558177807e11e4cbc6dea2f?s=96&d=mm&r=g","url":"https:\/\/secure.gravatar.com\/avatar\/af05262cf3977d5a4bc00783fa3e3b46c9a21f242558177807e11e4cbc6dea2f?s=96&d=mm&r=g","contentUrl":"https:\/\/secure.gravatar.com\/avatar\/af05262cf3977d5a4bc00783fa3e3b46c9a21f242558177807e11e4cbc6dea2f?s=96&d=mm&r=g","caption":"xavi"},"url":"https:\/\/www.cusine.eu\/index.php\/author\/xavi\/"}]}},"_links":{"self":[{"href":"https:\/\/www.cusine.eu\/index.php\/wp-json\/wp\/v2\/posts\/3434","targetHints":{"allow":["GET"]}}],"collection":[{"href":"https:\/\/www.cusine.eu\/index.php\/wp-json\/wp\/v2\/posts"}],"about":[{"href":"https:\/\/www.cusine.eu\/index.php\/wp-json\/wp\/v2\/types\/post"}],"author":[{"embeddable":true,"href":"https:\/\/www.cusine.eu\/index.php\/wp-json\/wp\/v2\/users\/1"}],"replies":[{"embeddable":true,"href":"https:\/\/www.cusine.eu\/index.php\/wp-json\/wp\/v2\/comments?post=3434"}],"version-history":[{"count":2,"href":"https:\/\/www.cusine.eu\/index.php\/wp-json\/wp\/v2\/posts\/3434\/revisions"}],"predecessor-version":[{"id":3437,"href":"https:\/\/www.cusine.eu\/index.php\/wp-json\/wp\/v2\/posts\/3434\/revisions\/3437"}],"wp:featuredmedia":[{"embeddable":true,"href":"https:\/\/www.cusine.eu\/index.php\/wp-json\/wp\/v2\/media\/3435"}],"wp:attachment":[{"href":"https:\/\/www.cusine.eu\/index.php\/wp-json\/wp\/v2\/media?parent=3434"}],"wp:term":[{"taxonomy":"category","embeddable":true,"href":"https:\/\/www.cusine.eu\/index.php\/wp-json\/wp\/v2\/categories?post=3434"},{"taxonomy":"post_tag","embeddable":true,"href":"https:\/\/www.cusine.eu\/index.php\/wp-json\/wp\/v2\/tags?post=3434"}],"curies":[{"name":"wp","href":"https:\/\/api.w.org\/{rel}","templated":true}]}}