{"id":3770,"date":"2021-10-06T14:04:54","date_gmt":"2021-10-06T14:04:54","guid":{"rendered":"https:\/\/www.cusine.eu\/?p=3770"},"modified":"2021-10-06T14:04:54","modified_gmt":"2021-10-06T14:04:54","slug":"ramon-cusine-hill-patrocinador-del-millor-pa-de-pages-catala-2021","status":"publish","type":"post","link":"https:\/\/www.cusine.eu\/index.php\/ramon-cusine-hill-patrocinador-del-millor-pa-de-pages-catala-2021\/","title":{"rendered":"Ramon Cusin\u00e9 Hill patrocinador del Millor Pa de Pag\u00e8s Catal\u00e0 2021"},"content":{"rendered":"<p>Aquest dissabte passat, 2 d\u2019octubre del 2021, es va celebrar a l\u2019Auditori Convent dels Caputxins de Figueres, la final del concurs <strong>Millor Pa de Pag\u00e8s Catal\u00e0 2021<\/strong>. Aquest concurs va ser organitzat per la IGP (Indicaci\u00f3 Geogr\u00e0fica Protegida) Pa de Pag\u00e8s Catal\u00e0. Ramon Cusin\u00e9 Hill va ser un dels patrocinadors d&#8217;aquest concurs que escollia el millor pa de pag\u00e8s de Catalunya.<\/p>\n<div id=\"attachment_3783\" style=\"width: 310px\" class=\"wp-caption alignnone\"><img loading=\"lazy\" decoding=\"async\" aria-describedby=\"caption-attachment-3783\" class=\"wp-image-3783 size-medium\" src=\"https:\/\/www.cusine.eu\/wp-content\/uploads\/2021\/10\/patrocinadors-principals-concurs-Pa-de-Pages-Catala-2021-300x225.jpg\" alt=\"Fotografia del concurs Millor Pa de Pag\u00e8s Catal\u00e0 2021\" width=\"300\" height=\"225\" srcset=\"https:\/\/www.cusine.eu\/wp-content\/uploads\/2021\/10\/patrocinadors-principals-concurs-Pa-de-Pages-Catala-2021-300x225.jpg 300w, https:\/\/www.cusine.eu\/wp-content\/uploads\/2021\/10\/patrocinadors-principals-concurs-Pa-de-Pages-Catala-2021-1024x768.jpg 1024w, https:\/\/www.cusine.eu\/wp-content\/uploads\/2021\/10\/patrocinadors-principals-concurs-Pa-de-Pages-Catala-2021-768x576.jpg 768w, https:\/\/www.cusine.eu\/wp-content\/uploads\/2021\/10\/patrocinadors-principals-concurs-Pa-de-Pages-Catala-2021-1536x1152.jpg 1536w, https:\/\/www.cusine.eu\/wp-content\/uploads\/2021\/10\/patrocinadors-principals-concurs-Pa-de-Pages-Catala-2021-2048x1536.jpg 2048w, https:\/\/www.cusine.eu\/wp-content\/uploads\/2021\/10\/patrocinadors-principals-concurs-Pa-de-Pages-Catala-2021-94x70.jpg 94w, https:\/\/www.cusine.eu\/wp-content\/uploads\/2021\/10\/patrocinadors-principals-concurs-Pa-de-Pages-Catala-2021-600x450.jpg 600w, https:\/\/www.cusine.eu\/wp-content\/uploads\/2021\/10\/patrocinadors-principals-concurs-Pa-de-Pages-Catala-2021-900x675.jpg 900w, https:\/\/www.cusine.eu\/wp-content\/uploads\/2021\/10\/patrocinadors-principals-concurs-Pa-de-Pages-Catala-2021-1280x960.jpg 1280w, https:\/\/www.cusine.eu\/wp-content\/uploads\/2021\/10\/patrocinadors-principals-concurs-Pa-de-Pages-Catala-2021-1000x750.jpg 1000w\" sizes=\"auto, (max-width: 300px) 100vw, 300px\" \/><p id=\"caption-attachment-3783\" class=\"wp-caption-text\">Ramon Cusin\u00e9 Hill va ser un dels patrocinadors principals del concurs Millor Pa de Pag\u00e8s Catal\u00e0 2021<\/p><\/div>\n<p>A la final hi van arribar els seg\u00fcents forns de pa:<\/p>\n<ol>\n<li>Forn Sistrare de Reus.<\/li>\n<li>Fleca Valls de Sabadell.<\/li>\n<li>Forn Padr\u00f3 de Barcelona.<\/li>\n<li>Forn Espurna de Berga.<\/li>\n<li>Forn Cal Mosso de Vilassar de Dalt.<\/li>\n<\/ol>\n<p>En aquesta final, el guanyador va ser el <strong>Forn Cal Mosso de Vilassar de Dalt<\/strong>, regentat per l\u2019Andreu i l\u2019Anna Galceran.<\/p>\n<p>El jurat estava format per:<\/p>\n<ul>\n<li>Agn\u00e8s Llad\u00f3, alcaldessa de Figueres.<\/li>\n<li>Paco P\u00e9rez, Restaurant Miramar de Llan\u00e7\u00e0.<\/li>\n<li>Salvador Garc\u00eda-Arb\u00f3s, periodista gastron\u00f2mic.<\/li>\n<li>Andreu Bertran, Forn Mistral i guanyador de l\u2019edici\u00f3 del 2019.<\/li>\n<li>Antoni Figuera, president del Consell Regulador.<\/li>\n<\/ul>\n<p>El jurat va argumentar la seva decisi\u00f3 a trav\u00e9s de diferents criteris, com: el color, l\u2019aroma, el sabor, la cocci\u00f3, el pes i la conservaci\u00f3 del pa durant les 24 hores seg\u00fcents.<\/p>\n<p>Des de Ramon Cusin\u00e9 Hill volem felicitar els guanyadors i els finalistes, i tamb\u00e9 a la <a href=\"https:\/\/www.padepagescatala.org\/\">IGP Pa de Pag\u00e8s Catal\u00e0<\/a> per la magn\u00edfica organitzaci\u00f3 d\u2019aquest esdeveniment.<\/p>\n","protected":false},"excerpt":{"rendered":"<p>Aquest dissabte passat, 2 d\u2019octubre del 2021, es va celebrar a l\u2019Auditori Convent dels Caputxins de Figueres, la final del concurs Millor Pa de Pag\u00e8s Catal\u00e0 2021. Aquest concurs va ser organitzat per la IGP (Indicaci\u00f3 Geogr\u00e0fica Protegida) Pa de Pag\u00e8s Catal\u00e0. Ramon Cusin\u00e9 Hill va ser un dels patrocinadors d&#8217;aquest concurs que escollia el millor pa de pag\u00e8s de [&hellip;]<\/p>\n","protected":false},"author":1,"featured_media":3779,"comment_status":"closed","ping_status":"closed","sticky":false,"template":"","format":"standard","meta":{"footnotes":""},"categories":[88],"tags":[90,94,93,91,92,89],"class_list":["post-3770","post","type-post","status-publish","format-standard","has-post-thumbnail","hentry","category-pa","tag-concurs-pa-de-pages-catala-2021","tag-fleca","tag-forn-de-pa","tag-igp-pa-de-pages-catala","tag-pa","tag-pa-de-pages"],"yoast_head":"<!-- This site is optimized with the Yoast SEO plugin v27.4 - https:\/\/yoast.com\/product\/yoast-seo-wordpress\/ -->\n<title>Ramon Cusin\u00e9 Hill patrocinador del Millor Pa de Pag\u00e8s Catal\u00e0 2021 - Ramon Cusin\u00e9 Hill<\/title>\n<meta name=\"robots\" content=\"index, follow, max-snippet:-1, max-image-preview:large, max-video-preview:-1\" \/>\n<link rel=\"canonical\" href=\"https:\/\/www.cusine.eu\/index.php\/ramon-cusine-hill-patrocinador-del-millor-pa-de-pages-catala-2021\/\" \/>\n<meta property=\"og:locale\" content=\"ca_ES\" \/>\n<meta property=\"og:type\" content=\"article\" \/>\n<meta property=\"og:title\" content=\"Ramon Cusin\u00e9 Hill patrocinador del Millor Pa de Pag\u00e8s Catal\u00e0 2021 - Ramon Cusin\u00e9 Hill\" \/>\n<meta property=\"og:description\" content=\"Aquest dissabte passat, 2 d\u2019octubre del 2021, es va celebrar a l\u2019Auditori Convent dels Caputxins de Figueres, la final del concurs Millor Pa de Pag\u00e8s Catal\u00e0 2021. Aquest concurs va ser organitzat per la IGP (Indicaci\u00f3 Geogr\u00e0fica Protegida) Pa de Pag\u00e8s Catal\u00e0. Ramon Cusin\u00e9 Hill va ser un dels patrocinadors d&#8217;aquest concurs que escollia el millor pa de pag\u00e8s de [&hellip;]\" \/>\n<meta property=\"og:url\" content=\"https:\/\/www.cusine.eu\/index.php\/ramon-cusine-hill-patrocinador-del-millor-pa-de-pages-catala-2021\/\" \/>\n<meta property=\"og:site_name\" content=\"Ramon Cusin\u00e9 Hill\" \/>\n<meta property=\"article:publisher\" content=\"https:\/\/www.facebook.com\/cusine.eu\" \/>\n<meta property=\"article:published_time\" content=\"2021-10-06T14:04:54+00:00\" \/>\n<meta property=\"og:image\" content=\"https:\/\/www.cusine.eu\/wp-content\/uploads\/2021\/10\/finalistes-i-guanyadors-concurs-Pa-Pages-Catala-2021-scaled.jpg\" \/>\n\t<meta property=\"og:image:width\" content=\"2560\" \/>\n\t<meta property=\"og:image:height\" content=\"1920\" \/>\n\t<meta property=\"og:image:type\" content=\"image\/jpeg\" \/>\n<meta name=\"author\" content=\"xavi\" \/>\n<meta name=\"twitter:card\" content=\"summary_large_image\" \/>\n<meta name=\"twitter:creator\" content=\"@cusine_eu\" \/>\n<meta name=\"twitter:site\" content=\"@cusine_eu\" \/>\n<meta name=\"twitter:label1\" content=\"Escrit per\" \/>\n\t<meta name=\"twitter:data1\" content=\"xavi\" \/>\n\t<meta name=\"twitter:label2\" content=\"Temps estimat de lectura\" \/>\n\t<meta name=\"twitter:data2\" content=\"1 minut\" \/>\n<script type=\"application\/ld+json\" class=\"yoast-schema-graph\">{\"@context\":\"https:\\\/\\\/schema.org\",\"@graph\":[{\"@type\":\"Article\",\"@id\":\"https:\\\/\\\/www.cusine.eu\\\/index.php\\\/ramon-cusine-hill-patrocinador-del-millor-pa-de-pages-catala-2021\\\/#article\",\"isPartOf\":{\"@id\":\"https:\\\/\\\/www.cusine.eu\\\/index.php\\\/ramon-cusine-hill-patrocinador-del-millor-pa-de-pages-catala-2021\\\/\"},\"author\":{\"name\":\"xavi\",\"@id\":\"https:\\\/\\\/www.cusine.eu\\\/#\\\/schema\\\/person\\\/64fa1c4f5e97060cbf9ff70e862f2b65\"},\"headline\":\"Ramon Cusin\u00e9 Hill patrocinador del Millor Pa de Pag\u00e8s Catal\u00e0 2021\",\"datePublished\":\"2021-10-06T14:04:54+00:00\",\"mainEntityOfPage\":{\"@id\":\"https:\\\/\\\/www.cusine.eu\\\/index.php\\\/ramon-cusine-hill-patrocinador-del-millor-pa-de-pages-catala-2021\\\/\"},\"wordCount\":262,\"publisher\":{\"@id\":\"https:\\\/\\\/www.cusine.eu\\\/#organization\"},\"image\":{\"@id\":\"https:\\\/\\\/www.cusine.eu\\\/index.php\\\/ramon-cusine-hill-patrocinador-del-millor-pa-de-pages-catala-2021\\\/#primaryimage\"},\"thumbnailUrl\":\"https:\\\/\\\/www.cusine.eu\\\/wp-content\\\/uploads\\\/2021\\\/10\\\/finalistes-i-guanyadors-concurs-Pa-Pages-Catala-2021-scaled.jpg\",\"keywords\":[\"Concurs Pa de Pag\u00e8s Catal\u00e0 2021\",\"Fleca\",\"Forn de pa\",\"IGP Pa de Pag\u00e8s Catal\u00e0\",\"Pa\",\"pa de pag\u00e8s\"],\"articleSection\":[\"Pa\"],\"inLanguage\":\"ca\"},{\"@type\":\"WebPage\",\"@id\":\"https:\\\/\\\/www.cusine.eu\\\/index.php\\\/ramon-cusine-hill-patrocinador-del-millor-pa-de-pages-catala-2021\\\/\",\"url\":\"https:\\\/\\\/www.cusine.eu\\\/index.php\\\/ramon-cusine-hill-patrocinador-del-millor-pa-de-pages-catala-2021\\\/\",\"name\":\"Ramon Cusin\u00e9 Hill patrocinador del Millor Pa de Pag\u00e8s Catal\u00e0 2021 - Ramon Cusin\u00e9 Hill\",\"isPartOf\":{\"@id\":\"https:\\\/\\\/www.cusine.eu\\\/#website\"},\"primaryImageOfPage\":{\"@id\":\"https:\\\/\\\/www.cusine.eu\\\/index.php\\\/ramon-cusine-hill-patrocinador-del-millor-pa-de-pages-catala-2021\\\/#primaryimage\"},\"image\":{\"@id\":\"https:\\\/\\\/www.cusine.eu\\\/index.php\\\/ramon-cusine-hill-patrocinador-del-millor-pa-de-pages-catala-2021\\\/#primaryimage\"},\"thumbnailUrl\":\"https:\\\/\\\/www.cusine.eu\\\/wp-content\\\/uploads\\\/2021\\\/10\\\/finalistes-i-guanyadors-concurs-Pa-Pages-Catala-2021-scaled.jpg\",\"datePublished\":\"2021-10-06T14:04:54+00:00\",\"inLanguage\":\"ca\",\"potentialAction\":[{\"@type\":\"ReadAction\",\"target\":[\"https:\\\/\\\/www.cusine.eu\\\/index.php\\\/ramon-cusine-hill-patrocinador-del-millor-pa-de-pages-catala-2021\\\/\"]}]},{\"@type\":\"ImageObject\",\"inLanguage\":\"ca\",\"@id\":\"https:\\\/\\\/www.cusine.eu\\\/index.php\\\/ramon-cusine-hill-patrocinador-del-millor-pa-de-pages-catala-2021\\\/#primaryimage\",\"url\":\"https:\\\/\\\/www.cusine.eu\\\/wp-content\\\/uploads\\\/2021\\\/10\\\/finalistes-i-guanyadors-concurs-Pa-Pages-Catala-2021-scaled.jpg\",\"contentUrl\":\"https:\\\/\\\/www.cusine.eu\\\/wp-content\\\/uploads\\\/2021\\\/10\\\/finalistes-i-guanyadors-concurs-Pa-Pages-Catala-2021-scaled.jpg\",\"width\":2560,\"height\":1920,\"caption\":\"Els finalistes i els guanyadors del concurs Pa de Pag\u00e8s Catal\u00e0 2021\"},{\"@type\":\"WebSite\",\"@id\":\"https:\\\/\\\/www.cusine.eu\\\/#website\",\"url\":\"https:\\\/\\\/www.cusine.eu\\\/\",\"name\":\"Ramon Cusin\u00e9 Hill\",\"description\":\"Global Raw Material Supplier\",\"publisher\":{\"@id\":\"https:\\\/\\\/www.cusine.eu\\\/#organization\"},\"potentialAction\":[{\"@type\":\"SearchAction\",\"target\":{\"@type\":\"EntryPoint\",\"urlTemplate\":\"https:\\\/\\\/www.cusine.eu\\\/?s={search_term_string}\"},\"query-input\":{\"@type\":\"PropertyValueSpecification\",\"valueRequired\":true,\"valueName\":\"search_term_string\"}}],\"inLanguage\":\"ca\"},{\"@type\":\"Organization\",\"@id\":\"https:\\\/\\\/www.cusine.eu\\\/#organization\",\"name\":\"Ramon Cusin\u00e9 Hill\",\"url\":\"https:\\\/\\\/www.cusine.eu\\\/\",\"logo\":{\"@type\":\"ImageObject\",\"inLanguage\":\"ca\",\"@id\":\"https:\\\/\\\/www.cusine.eu\\\/#\\\/schema\\\/logo\\\/image\\\/\",\"url\":\"https:\\\/\\\/www.cusine.eu\\\/wp-content\\\/uploads\\\/2016\\\/01\\\/cropped-CUSINE__LOGO_principal_POSITIU__WEB-1.png\",\"contentUrl\":\"https:\\\/\\\/www.cusine.eu\\\/wp-content\\\/uploads\\\/2016\\\/01\\\/cropped-CUSINE__LOGO_principal_POSITIU__WEB-1.png\",\"width\":362,\"height\":150,\"caption\":\"Ramon Cusin\u00e9 Hill\"},\"image\":{\"@id\":\"https:\\\/\\\/www.cusine.eu\\\/#\\\/schema\\\/logo\\\/image\\\/\"},\"sameAs\":[\"https:\\\/\\\/www.facebook.com\\\/cusine.eu\",\"https:\\\/\\\/x.com\\\/cusine_eu\",\"https:\\\/\\\/www.instagram.com\\\/cusine_eu\\\/\"]},{\"@type\":\"Person\",\"@id\":\"https:\\\/\\\/www.cusine.eu\\\/#\\\/schema\\\/person\\\/64fa1c4f5e97060cbf9ff70e862f2b65\",\"name\":\"xavi\",\"image\":{\"@type\":\"ImageObject\",\"inLanguage\":\"ca\",\"@id\":\"https:\\\/\\\/secure.gravatar.com\\\/avatar\\\/af05262cf3977d5a4bc00783fa3e3b46c9a21f242558177807e11e4cbc6dea2f?s=96&d=mm&r=g\",\"url\":\"https:\\\/\\\/secure.gravatar.com\\\/avatar\\\/af05262cf3977d5a4bc00783fa3e3b46c9a21f242558177807e11e4cbc6dea2f?s=96&d=mm&r=g\",\"contentUrl\":\"https:\\\/\\\/secure.gravatar.com\\\/avatar\\\/af05262cf3977d5a4bc00783fa3e3b46c9a21f242558177807e11e4cbc6dea2f?s=96&d=mm&r=g\",\"caption\":\"xavi\"},\"url\":\"https:\\\/\\\/www.cusine.eu\\\/index.php\\\/author\\\/xavi\\\/\"}]}<\/script>\n<!-- \/ Yoast SEO plugin. -->","yoast_head_json":{"title":"Ramon Cusin\u00e9 Hill patrocinador del Millor Pa de Pag\u00e8s Catal\u00e0 2021 - Ramon Cusin\u00e9 Hill","robots":{"index":"index","follow":"follow","max-snippet":"max-snippet:-1","max-image-preview":"max-image-preview:large","max-video-preview":"max-video-preview:-1"},"canonical":"https:\/\/www.cusine.eu\/index.php\/ramon-cusine-hill-patrocinador-del-millor-pa-de-pages-catala-2021\/","og_locale":"ca_ES","og_type":"article","og_title":"Ramon Cusin\u00e9 Hill patrocinador del Millor Pa de Pag\u00e8s Catal\u00e0 2021 - Ramon Cusin\u00e9 Hill","og_description":"Aquest dissabte passat, 2 d\u2019octubre del 2021, es va celebrar a l\u2019Auditori Convent dels Caputxins de Figueres, la final del concurs Millor Pa de Pag\u00e8s Catal\u00e0 2021. Aquest concurs va ser organitzat per la IGP (Indicaci\u00f3 Geogr\u00e0fica Protegida) Pa de Pag\u00e8s Catal\u00e0. Ramon Cusin\u00e9 Hill va ser un dels patrocinadors d&#8217;aquest concurs que escollia el millor pa de pag\u00e8s de [&hellip;]","og_url":"https:\/\/www.cusine.eu\/index.php\/ramon-cusine-hill-patrocinador-del-millor-pa-de-pages-catala-2021\/","og_site_name":"Ramon Cusin\u00e9 Hill","article_publisher":"https:\/\/www.facebook.com\/cusine.eu","article_published_time":"2021-10-06T14:04:54+00:00","og_image":[{"width":2560,"height":1920,"url":"https:\/\/www.cusine.eu\/wp-content\/uploads\/2021\/10\/finalistes-i-guanyadors-concurs-Pa-Pages-Catala-2021-scaled.jpg","type":"image\/jpeg"}],"author":"xavi","twitter_card":"summary_large_image","twitter_creator":"@cusine_eu","twitter_site":"@cusine_eu","twitter_misc":{"Escrit per":"xavi","Temps estimat de lectura":"1 minut"},"schema":{"@context":"https:\/\/schema.org","@graph":[{"@type":"Article","@id":"https:\/\/www.cusine.eu\/index.php\/ramon-cusine-hill-patrocinador-del-millor-pa-de-pages-catala-2021\/#article","isPartOf":{"@id":"https:\/\/www.cusine.eu\/index.php\/ramon-cusine-hill-patrocinador-del-millor-pa-de-pages-catala-2021\/"},"author":{"name":"xavi","@id":"https:\/\/www.cusine.eu\/#\/schema\/person\/64fa1c4f5e97060cbf9ff70e862f2b65"},"headline":"Ramon Cusin\u00e9 Hill patrocinador del Millor Pa de Pag\u00e8s Catal\u00e0 2021","datePublished":"2021-10-06T14:04:54+00:00","mainEntityOfPage":{"@id":"https:\/\/www.cusine.eu\/index.php\/ramon-cusine-hill-patrocinador-del-millor-pa-de-pages-catala-2021\/"},"wordCount":262,"publisher":{"@id":"https:\/\/www.cusine.eu\/#organization"},"image":{"@id":"https:\/\/www.cusine.eu\/index.php\/ramon-cusine-hill-patrocinador-del-millor-pa-de-pages-catala-2021\/#primaryimage"},"thumbnailUrl":"https:\/\/www.cusine.eu\/wp-content\/uploads\/2021\/10\/finalistes-i-guanyadors-concurs-Pa-Pages-Catala-2021-scaled.jpg","keywords":["Concurs Pa de Pag\u00e8s Catal\u00e0 2021","Fleca","Forn de pa","IGP Pa de Pag\u00e8s Catal\u00e0","Pa","pa de pag\u00e8s"],"articleSection":["Pa"],"inLanguage":"ca"},{"@type":"WebPage","@id":"https:\/\/www.cusine.eu\/index.php\/ramon-cusine-hill-patrocinador-del-millor-pa-de-pages-catala-2021\/","url":"https:\/\/www.cusine.eu\/index.php\/ramon-cusine-hill-patrocinador-del-millor-pa-de-pages-catala-2021\/","name":"Ramon Cusin\u00e9 Hill patrocinador del Millor Pa de Pag\u00e8s Catal\u00e0 2021 - Ramon Cusin\u00e9 Hill","isPartOf":{"@id":"https:\/\/www.cusine.eu\/#website"},"primaryImageOfPage":{"@id":"https:\/\/www.cusine.eu\/index.php\/ramon-cusine-hill-patrocinador-del-millor-pa-de-pages-catala-2021\/#primaryimage"},"image":{"@id":"https:\/\/www.cusine.eu\/index.php\/ramon-cusine-hill-patrocinador-del-millor-pa-de-pages-catala-2021\/#primaryimage"},"thumbnailUrl":"https:\/\/www.cusine.eu\/wp-content\/uploads\/2021\/10\/finalistes-i-guanyadors-concurs-Pa-Pages-Catala-2021-scaled.jpg","datePublished":"2021-10-06T14:04:54+00:00","inLanguage":"ca","potentialAction":[{"@type":"ReadAction","target":["https:\/\/www.cusine.eu\/index.php\/ramon-cusine-hill-patrocinador-del-millor-pa-de-pages-catala-2021\/"]}]},{"@type":"ImageObject","inLanguage":"ca","@id":"https:\/\/www.cusine.eu\/index.php\/ramon-cusine-hill-patrocinador-del-millor-pa-de-pages-catala-2021\/#primaryimage","url":"https:\/\/www.cusine.eu\/wp-content\/uploads\/2021\/10\/finalistes-i-guanyadors-concurs-Pa-Pages-Catala-2021-scaled.jpg","contentUrl":"https:\/\/www.cusine.eu\/wp-content\/uploads\/2021\/10\/finalistes-i-guanyadors-concurs-Pa-Pages-Catala-2021-scaled.jpg","width":2560,"height":1920,"caption":"Els finalistes i els guanyadors del concurs Pa de Pag\u00e8s Catal\u00e0 2021"},{"@type":"WebSite","@id":"https:\/\/www.cusine.eu\/#website","url":"https:\/\/www.cusine.eu\/","name":"Ramon Cusin\u00e9 Hill","description":"Global Raw Material Supplier","publisher":{"@id":"https:\/\/www.cusine.eu\/#organization"},"potentialAction":[{"@type":"SearchAction","target":{"@type":"EntryPoint","urlTemplate":"https:\/\/www.cusine.eu\/?s={search_term_string}"},"query-input":{"@type":"PropertyValueSpecification","valueRequired":true,"valueName":"search_term_string"}}],"inLanguage":"ca"},{"@type":"Organization","@id":"https:\/\/www.cusine.eu\/#organization","name":"Ramon Cusin\u00e9 Hill","url":"https:\/\/www.cusine.eu\/","logo":{"@type":"ImageObject","inLanguage":"ca","@id":"https:\/\/www.cusine.eu\/#\/schema\/logo\/image\/","url":"https:\/\/www.cusine.eu\/wp-content\/uploads\/2016\/01\/cropped-CUSINE__LOGO_principal_POSITIU__WEB-1.png","contentUrl":"https:\/\/www.cusine.eu\/wp-content\/uploads\/2016\/01\/cropped-CUSINE__LOGO_principal_POSITIU__WEB-1.png","width":362,"height":150,"caption":"Ramon Cusin\u00e9 Hill"},"image":{"@id":"https:\/\/www.cusine.eu\/#\/schema\/logo\/image\/"},"sameAs":["https:\/\/www.facebook.com\/cusine.eu","https:\/\/x.com\/cusine_eu","https:\/\/www.instagram.com\/cusine_eu\/"]},{"@type":"Person","@id":"https:\/\/www.cusine.eu\/#\/schema\/person\/64fa1c4f5e97060cbf9ff70e862f2b65","name":"xavi","image":{"@type":"ImageObject","inLanguage":"ca","@id":"https:\/\/secure.gravatar.com\/avatar\/af05262cf3977d5a4bc00783fa3e3b46c9a21f242558177807e11e4cbc6dea2f?s=96&d=mm&r=g","url":"https:\/\/secure.gravatar.com\/avatar\/af05262cf3977d5a4bc00783fa3e3b46c9a21f242558177807e11e4cbc6dea2f?s=96&d=mm&r=g","contentUrl":"https:\/\/secure.gravatar.com\/avatar\/af05262cf3977d5a4bc00783fa3e3b46c9a21f242558177807e11e4cbc6dea2f?s=96&d=mm&r=g","caption":"xavi"},"url":"https:\/\/www.cusine.eu\/index.php\/author\/xavi\/"}]}},"_links":{"self":[{"href":"https:\/\/www.cusine.eu\/index.php\/wp-json\/wp\/v2\/posts\/3770","targetHints":{"allow":["GET"]}}],"collection":[{"href":"https:\/\/www.cusine.eu\/index.php\/wp-json\/wp\/v2\/posts"}],"about":[{"href":"https:\/\/www.cusine.eu\/index.php\/wp-json\/wp\/v2\/types\/post"}],"author":[{"embeddable":true,"href":"https:\/\/www.cusine.eu\/index.php\/wp-json\/wp\/v2\/users\/1"}],"replies":[{"embeddable":true,"href":"https:\/\/www.cusine.eu\/index.php\/wp-json\/wp\/v2\/comments?post=3770"}],"version-history":[{"count":1,"href":"https:\/\/www.cusine.eu\/index.php\/wp-json\/wp\/v2\/posts\/3770\/revisions"}],"predecessor-version":[{"id":3787,"href":"https:\/\/www.cusine.eu\/index.php\/wp-json\/wp\/v2\/posts\/3770\/revisions\/3787"}],"wp:featuredmedia":[{"embeddable":true,"href":"https:\/\/www.cusine.eu\/index.php\/wp-json\/wp\/v2\/media\/3779"}],"wp:attachment":[{"href":"https:\/\/www.cusine.eu\/index.php\/wp-json\/wp\/v2\/media?parent=3770"}],"wp:term":[{"taxonomy":"category","embeddable":true,"href":"https:\/\/www.cusine.eu\/index.php\/wp-json\/wp\/v2\/categories?post=3770"},{"taxonomy":"post_tag","embeddable":true,"href":"https:\/\/www.cusine.eu\/index.php\/wp-json\/wp\/v2\/tags?post=3770"}],"curies":[{"name":"wp","href":"https:\/\/api.w.org\/{rel}","templated":true}]}}