{"id":4215,"date":"2021-11-19T12:58:53","date_gmt":"2021-11-19T12:58:53","guid":{"rendered":"https:\/\/www.cusine.eu\/?p=4215"},"modified":"2021-11-19T12:58:53","modified_gmt":"2021-11-19T12:58:53","slug":"classe-magistral-de-jordi-tobal-de-borges-professional","status":"publish","type":"post","link":"https:\/\/www.cusine.eu\/index.php\/classe-magistral-de-jordi-tobal-de-borges-professional\/","title":{"rendered":"Classe magistral de Jordi Tobal de Borges Professional"},"content":{"rendered":"<p>Dimarts passat en Jordi Tobal, mestre forner i pastisser de <strong>Borges Professional<\/strong>, va realitzar una classe magistral a l\u2019aula del Gremi de Forners de Lleida. En aquesta classe magistral es van utilitzar tota la gamma de productes que Borges Professional disposa pel m\u00f3n de la fleca i la pastisseria.<\/p>\n<div id=\"attachment_4216\" style=\"width: 1010px\" class=\"wp-caption alignnone\"><img loading=\"lazy\" decoding=\"async\" aria-describedby=\"caption-attachment-4216\" class=\"size-full wp-image-4216\" src=\"https:\/\/www.cusine.eu\/wp-content\/uploads\/2021\/11\/classe-magistral-jordi-tobal-Borges-Professional.jpg\" alt=\"Fotografia de la Classe Magistral de Jordi Tobal de Borges Proffesional\" width=\"1000\" height=\"750\" srcset=\"https:\/\/www.cusine.eu\/wp-content\/uploads\/2021\/11\/classe-magistral-jordi-tobal-Borges-Professional.jpg 1000w, https:\/\/www.cusine.eu\/wp-content\/uploads\/2021\/11\/classe-magistral-jordi-tobal-Borges-Professional-300x225.jpg 300w, https:\/\/www.cusine.eu\/wp-content\/uploads\/2021\/11\/classe-magistral-jordi-tobal-Borges-Professional-768x576.jpg 768w, https:\/\/www.cusine.eu\/wp-content\/uploads\/2021\/11\/classe-magistral-jordi-tobal-Borges-Professional-94x70.jpg 94w, https:\/\/www.cusine.eu\/wp-content\/uploads\/2021\/11\/classe-magistral-jordi-tobal-Borges-Professional-600x450.jpg 600w, https:\/\/www.cusine.eu\/wp-content\/uploads\/2021\/11\/classe-magistral-jordi-tobal-Borges-Professional-900x675.jpg 900w\" sizes=\"auto, (max-width: 1000px) 100vw, 1000px\" \/><p id=\"caption-attachment-4216\" class=\"wp-caption-text\">Els alumnes i el mestre Jordi Tobal de Borges Professional<\/p><\/div>\n<p>Alguns d\u2019aquestes <a href=\"https:\/\/www.cusine.eu\/productes\/\">productes<\/a> de Borges Professional s\u00f3n els seg\u00fcents:<\/p>\n<ul>\n<li>Agreena.<\/li>\n<li>Oli d\u2019oliva.<\/li>\n<li>Oli de xurreria.<\/li>\n<li>Fruits secs.<\/li>\n<\/ul>\n<div id=\"attachment_4220\" style=\"width: 1010px\" class=\"wp-caption alignnone\"><img loading=\"lazy\" decoding=\"async\" aria-describedby=\"caption-attachment-4220\" class=\"size-full wp-image-4220\" src=\"https:\/\/www.cusine.eu\/wp-content\/uploads\/2021\/11\/masterclass-de-jordi-tobal-borges-professional.jpg\" alt=\"Fotografia de la classe magistral de Jordi Tobal de Borges Professional\" width=\"1000\" height=\"750\" srcset=\"https:\/\/www.cusine.eu\/wp-content\/uploads\/2021\/11\/masterclass-de-jordi-tobal-borges-professional.jpg 1000w, https:\/\/www.cusine.eu\/wp-content\/uploads\/2021\/11\/masterclass-de-jordi-tobal-borges-professional-300x225.jpg 300w, https:\/\/www.cusine.eu\/wp-content\/uploads\/2021\/11\/masterclass-de-jordi-tobal-borges-professional-768x576.jpg 768w, https:\/\/www.cusine.eu\/wp-content\/uploads\/2021\/11\/masterclass-de-jordi-tobal-borges-professional-94x70.jpg 94w, https:\/\/www.cusine.eu\/wp-content\/uploads\/2021\/11\/masterclass-de-jordi-tobal-borges-professional-600x450.jpg 600w, https:\/\/www.cusine.eu\/wp-content\/uploads\/2021\/11\/masterclass-de-jordi-tobal-borges-professional-900x675.jpg 900w\" sizes=\"auto, (max-width: 1000px) 100vw, 1000px\" \/><p id=\"caption-attachment-4220\" class=\"wp-caption-text\">Jordi Tobal fent una demostraci\u00f3<\/p><\/div>\n<p>Tamb\u00e9 es van utilitzar diferents <a href=\"https:\/\/www.cusine.eu\/productes\/\">productes<\/a> que comercialitzem des de Ramon Cusin\u00e9 Hill, com:<\/p>\n<ul>\n<li>Farina Ariana Gold Medal.<\/li>\n<li>Farina Selecta Km0.<\/li>\n<li>Farina Selecta Molguda a la pedra.<\/li>\n<li>Sal Ramon Cusin\u00e9 Hill.<\/li>\n<\/ul>\n<p>Amb tots aquests productes, en <strong>Jordi Tobal<\/strong> va fer els seg\u00fcents productes:<\/p>\n<ul>\n<li>Diferents tipus de Tortells.<\/li>\n<li>Bunyols.<\/li>\n<li>Polvorons sense oli de palma.<\/li>\n<li>Polvorons sense greix animal.<\/li>\n<li>Diferents productes de brioixeria fets amb Agreena.<\/li>\n<\/ul>\n<div id=\"attachment_4224\" style=\"width: 1010px\" class=\"wp-caption alignnone\"><img loading=\"lazy\" decoding=\"async\" aria-describedby=\"caption-attachment-4224\" class=\"size-full wp-image-4224\" src=\"https:\/\/www.cusine.eu\/wp-content\/uploads\/2021\/11\/bunyols-borges-professional.jpg\" alt=\"Fotografia de diferents productes de brioxieria fets per en Jordi Tobal de Borges professional\" width=\"1000\" height=\"750\" srcset=\"https:\/\/www.cusine.eu\/wp-content\/uploads\/2021\/11\/bunyols-borges-professional.jpg 1000w, https:\/\/www.cusine.eu\/wp-content\/uploads\/2021\/11\/bunyols-borges-professional-300x225.jpg 300w, https:\/\/www.cusine.eu\/wp-content\/uploads\/2021\/11\/bunyols-borges-professional-768x576.jpg 768w, https:\/\/www.cusine.eu\/wp-content\/uploads\/2021\/11\/bunyols-borges-professional-94x70.jpg 94w, https:\/\/www.cusine.eu\/wp-content\/uploads\/2021\/11\/bunyols-borges-professional-600x450.jpg 600w, https:\/\/www.cusine.eu\/wp-content\/uploads\/2021\/11\/bunyols-borges-professional-900x675.jpg 900w\" sizes=\"auto, (max-width: 1000px) 100vw, 1000px\" \/><p id=\"caption-attachment-4224\" class=\"wp-caption-text\">Diferents productes de brioxieria fets per en Jordi Tobal de Borges professional<\/p><\/div>\n<div id=\"attachment_4228\" style=\"width: 1010px\" class=\"wp-caption alignnone\"><img loading=\"lazy\" decoding=\"async\" aria-describedby=\"caption-attachment-4228\" class=\"size-full wp-image-4228\" src=\"https:\/\/www.cusine.eu\/wp-content\/uploads\/2021\/11\/polvorons-borges-professional.jpg\" alt=\"Fotografia de diferents productes de brioxieria fets per en Jordi Tobal de Borges professional\" width=\"1000\" height=\"750\" srcset=\"https:\/\/www.cusine.eu\/wp-content\/uploads\/2021\/11\/polvorons-borges-professional.jpg 1000w, https:\/\/www.cusine.eu\/wp-content\/uploads\/2021\/11\/polvorons-borges-professional-300x225.jpg 300w, https:\/\/www.cusine.eu\/wp-content\/uploads\/2021\/11\/polvorons-borges-professional-768x576.jpg 768w, https:\/\/www.cusine.eu\/wp-content\/uploads\/2021\/11\/polvorons-borges-professional-94x70.jpg 94w, https:\/\/www.cusine.eu\/wp-content\/uploads\/2021\/11\/polvorons-borges-professional-600x450.jpg 600w, https:\/\/www.cusine.eu\/wp-content\/uploads\/2021\/11\/polvorons-borges-professional-900x675.jpg 900w\" sizes=\"auto, (max-width: 1000px) 100vw, 1000px\" \/><p id=\"caption-attachment-4228\" class=\"wp-caption-text\">Diferents productes de brioxieria fets per en Jordi Tobal de Borges professional<\/p><\/div>\n<div id=\"attachment_4232\" style=\"width: 1010px\" class=\"wp-caption alignnone\"><img loading=\"lazy\" decoding=\"async\" aria-describedby=\"caption-attachment-4232\" class=\"size-full wp-image-4232\" src=\"https:\/\/www.cusine.eu\/wp-content\/uploads\/2021\/11\/tortell-borges-professional.jpg\" alt=\"Fotografia d'un Tortell fet per en Jordi Tobal de Borges Professional\" width=\"1000\" height=\"750\" srcset=\"https:\/\/www.cusine.eu\/wp-content\/uploads\/2021\/11\/tortell-borges-professional.jpg 1000w, https:\/\/www.cusine.eu\/wp-content\/uploads\/2021\/11\/tortell-borges-professional-300x225.jpg 300w, https:\/\/www.cusine.eu\/wp-content\/uploads\/2021\/11\/tortell-borges-professional-768x576.jpg 768w, https:\/\/www.cusine.eu\/wp-content\/uploads\/2021\/11\/tortell-borges-professional-94x70.jpg 94w, https:\/\/www.cusine.eu\/wp-content\/uploads\/2021\/11\/tortell-borges-professional-600x450.jpg 600w, https:\/\/www.cusine.eu\/wp-content\/uploads\/2021\/11\/tortell-borges-professional-900x675.jpg 900w\" sizes=\"auto, (max-width: 1000px) 100vw, 1000px\" \/><p id=\"caption-attachment-4232\" class=\"wp-caption-text\">Jordi Tobal va fer un tortell amb diferents productes de Borges professional<\/p><\/div>\n<p>Com podreu veure les fotos, la demostraci\u00f3 va ser tot un \u00e8xit de participaci\u00f3. Ramon Cusin\u00e9 Hill \u00e9s partner de Borges Professional. Si necessiteu qualsevol producte de Borges Professional, podeu enviar-nos un correu electr\u00f2nic a <a href=\"mailto:customerservice@rcusine.com\">customerservice@rcusine.com<\/a> o trucar-nos al 938921688.<\/p>\n","protected":false},"excerpt":{"rendered":"<p>Dimarts passat en Jordi Tobal, mestre forner i pastisser de Borges Professional, va realitzar una classe magistral a l\u2019aula del Gremi de Forners de Lleida. En aquesta classe magistral es van utilitzar tota la gamma de productes que Borges Professional disposa pel m\u00f3n de la fleca i la pastisseria. Alguns d\u2019aquestes productes de Borges Professional s\u00f3n els seg\u00fcents: Agreena. Oli [&hellip;]<\/p>\n","protected":false},"author":1,"featured_media":4216,"comment_status":"closed","ping_status":"closed","sticky":false,"template":"","format":"standard","meta":{"footnotes":""},"categories":[190],"tags":[193,192,194,146,195,196,197,191],"class_list":["post-4215","post","type-post","status-publish","format-standard","has-post-thumbnail","hentry","category-borges-professional","tag-agreena","tag-brioixeria","tag-bunyols","tag-fruits-secs","tag-oli-oliva","tag-oli-xurreria","tag-polvorons","tag-tortell"],"yoast_head":"<!-- This site is optimized with the Yoast SEO plugin v27.4 - https:\/\/yoast.com\/product\/yoast-seo-wordpress\/ -->\n<title>Classe magistral de Jordi Tobal de Borges Professional - Ramon Cusin\u00e9 Hill<\/title>\n<meta name=\"robots\" content=\"index, follow, max-snippet:-1, max-image-preview:large, max-video-preview:-1\" \/>\n<link rel=\"canonical\" href=\"https:\/\/www.cusine.eu\/index.php\/classe-magistral-de-jordi-tobal-de-borges-professional\/\" \/>\n<meta property=\"og:locale\" content=\"ca_ES\" \/>\n<meta property=\"og:type\" content=\"article\" \/>\n<meta property=\"og:title\" content=\"Classe magistral de Jordi Tobal de Borges Professional - Ramon Cusin\u00e9 Hill\" \/>\n<meta property=\"og:description\" content=\"Dimarts passat en Jordi Tobal, mestre forner i pastisser de Borges Professional, va realitzar una classe magistral a l\u2019aula del Gremi de Forners de Lleida. En aquesta classe magistral es van utilitzar tota la gamma de productes que Borges Professional disposa pel m\u00f3n de la fleca i la pastisseria. Alguns d\u2019aquestes productes de Borges Professional s\u00f3n els seg\u00fcents: Agreena. Oli [&hellip;]\" \/>\n<meta property=\"og:url\" content=\"https:\/\/www.cusine.eu\/index.php\/classe-magistral-de-jordi-tobal-de-borges-professional\/\" \/>\n<meta property=\"og:site_name\" content=\"Ramon Cusin\u00e9 Hill\" \/>\n<meta property=\"article:publisher\" content=\"https:\/\/www.facebook.com\/cusine.eu\" \/>\n<meta property=\"article:published_time\" content=\"2021-11-19T12:58:53+00:00\" \/>\n<meta property=\"og:image\" content=\"https:\/\/www.cusine.eu\/wp-content\/uploads\/2021\/11\/classe-magistral-jordi-tobal-Borges-Professional.jpg\" \/>\n\t<meta property=\"og:image:width\" content=\"1000\" \/>\n\t<meta property=\"og:image:height\" content=\"750\" \/>\n\t<meta property=\"og:image:type\" content=\"image\/jpeg\" \/>\n<meta name=\"author\" content=\"xavi\" \/>\n<meta name=\"twitter:card\" content=\"summary_large_image\" \/>\n<meta name=\"twitter:creator\" content=\"@cusine_eu\" \/>\n<meta name=\"twitter:site\" content=\"@cusine_eu\" \/>\n<meta name=\"twitter:label1\" content=\"Escrit per\" \/>\n\t<meta name=\"twitter:data1\" content=\"xavi\" \/>\n\t<meta name=\"twitter:label2\" content=\"Temps estimat de lectura\" \/>\n\t<meta name=\"twitter:data2\" content=\"1 minut\" \/>\n<script type=\"application\/ld+json\" class=\"yoast-schema-graph\">{\"@context\":\"https:\\\/\\\/schema.org\",\"@graph\":[{\"@type\":\"Article\",\"@id\":\"https:\\\/\\\/www.cusine.eu\\\/index.php\\\/classe-magistral-de-jordi-tobal-de-borges-professional\\\/#article\",\"isPartOf\":{\"@id\":\"https:\\\/\\\/www.cusine.eu\\\/index.php\\\/classe-magistral-de-jordi-tobal-de-borges-professional\\\/\"},\"author\":{\"name\":\"xavi\",\"@id\":\"https:\\\/\\\/www.cusine.eu\\\/#\\\/schema\\\/person\\\/64fa1c4f5e97060cbf9ff70e862f2b65\"},\"headline\":\"Classe magistral de Jordi Tobal de Borges Professional\",\"datePublished\":\"2021-11-19T12:58:53+00:00\",\"mainEntityOfPage\":{\"@id\":\"https:\\\/\\\/www.cusine.eu\\\/index.php\\\/classe-magistral-de-jordi-tobal-de-borges-professional\\\/\"},\"wordCount\":273,\"publisher\":{\"@id\":\"https:\\\/\\\/www.cusine.eu\\\/#organization\"},\"image\":{\"@id\":\"https:\\\/\\\/www.cusine.eu\\\/index.php\\\/classe-magistral-de-jordi-tobal-de-borges-professional\\\/#primaryimage\"},\"thumbnailUrl\":\"https:\\\/\\\/www.cusine.eu\\\/wp-content\\\/uploads\\\/2021\\\/11\\\/classe-magistral-jordi-tobal-Borges-Professional.jpg\",\"keywords\":[\"agreena\",\"brioixeria\",\"bunyols\",\"fruits secs\",\"oli oliva\",\"oli xurreria\",\"polvorons\",\"tortell\"],\"articleSection\":[\"Borges Professional\"],\"inLanguage\":\"ca\"},{\"@type\":\"WebPage\",\"@id\":\"https:\\\/\\\/www.cusine.eu\\\/index.php\\\/classe-magistral-de-jordi-tobal-de-borges-professional\\\/\",\"url\":\"https:\\\/\\\/www.cusine.eu\\\/index.php\\\/classe-magistral-de-jordi-tobal-de-borges-professional\\\/\",\"name\":\"Classe magistral de Jordi Tobal de Borges Professional - Ramon Cusin\u00e9 Hill\",\"isPartOf\":{\"@id\":\"https:\\\/\\\/www.cusine.eu\\\/#website\"},\"primaryImageOfPage\":{\"@id\":\"https:\\\/\\\/www.cusine.eu\\\/index.php\\\/classe-magistral-de-jordi-tobal-de-borges-professional\\\/#primaryimage\"},\"image\":{\"@id\":\"https:\\\/\\\/www.cusine.eu\\\/index.php\\\/classe-magistral-de-jordi-tobal-de-borges-professional\\\/#primaryimage\"},\"thumbnailUrl\":\"https:\\\/\\\/www.cusine.eu\\\/wp-content\\\/uploads\\\/2021\\\/11\\\/classe-magistral-jordi-tobal-Borges-Professional.jpg\",\"datePublished\":\"2021-11-19T12:58:53+00:00\",\"inLanguage\":\"ca\",\"potentialAction\":[{\"@type\":\"ReadAction\",\"target\":[\"https:\\\/\\\/www.cusine.eu\\\/index.php\\\/classe-magistral-de-jordi-tobal-de-borges-professional\\\/\"]}]},{\"@type\":\"ImageObject\",\"inLanguage\":\"ca\",\"@id\":\"https:\\\/\\\/www.cusine.eu\\\/index.php\\\/classe-magistral-de-jordi-tobal-de-borges-professional\\\/#primaryimage\",\"url\":\"https:\\\/\\\/www.cusine.eu\\\/wp-content\\\/uploads\\\/2021\\\/11\\\/classe-magistral-jordi-tobal-Borges-Professional.jpg\",\"contentUrl\":\"https:\\\/\\\/www.cusine.eu\\\/wp-content\\\/uploads\\\/2021\\\/11\\\/classe-magistral-jordi-tobal-Borges-Professional.jpg\",\"width\":1000,\"height\":750,\"caption\":\"Els alumnes i el mestre Jordi Tobal de Borges Professional\"},{\"@type\":\"WebSite\",\"@id\":\"https:\\\/\\\/www.cusine.eu\\\/#website\",\"url\":\"https:\\\/\\\/www.cusine.eu\\\/\",\"name\":\"Ramon Cusin\u00e9 Hill\",\"description\":\"Global Raw Material Supplier\",\"publisher\":{\"@id\":\"https:\\\/\\\/www.cusine.eu\\\/#organization\"},\"potentialAction\":[{\"@type\":\"SearchAction\",\"target\":{\"@type\":\"EntryPoint\",\"urlTemplate\":\"https:\\\/\\\/www.cusine.eu\\\/?s={search_term_string}\"},\"query-input\":{\"@type\":\"PropertyValueSpecification\",\"valueRequired\":true,\"valueName\":\"search_term_string\"}}],\"inLanguage\":\"ca\"},{\"@type\":\"Organization\",\"@id\":\"https:\\\/\\\/www.cusine.eu\\\/#organization\",\"name\":\"Ramon Cusin\u00e9 Hill\",\"url\":\"https:\\\/\\\/www.cusine.eu\\\/\",\"logo\":{\"@type\":\"ImageObject\",\"inLanguage\":\"ca\",\"@id\":\"https:\\\/\\\/www.cusine.eu\\\/#\\\/schema\\\/logo\\\/image\\\/\",\"url\":\"https:\\\/\\\/www.cusine.eu\\\/wp-content\\\/uploads\\\/2016\\\/01\\\/cropped-CUSINE__LOGO_principal_POSITIU__WEB-1.png\",\"contentUrl\":\"https:\\\/\\\/www.cusine.eu\\\/wp-content\\\/uploads\\\/2016\\\/01\\\/cropped-CUSINE__LOGO_principal_POSITIU__WEB-1.png\",\"width\":362,\"height\":150,\"caption\":\"Ramon Cusin\u00e9 Hill\"},\"image\":{\"@id\":\"https:\\\/\\\/www.cusine.eu\\\/#\\\/schema\\\/logo\\\/image\\\/\"},\"sameAs\":[\"https:\\\/\\\/www.facebook.com\\\/cusine.eu\",\"https:\\\/\\\/x.com\\\/cusine_eu\",\"https:\\\/\\\/www.instagram.com\\\/cusine_eu\\\/\"]},{\"@type\":\"Person\",\"@id\":\"https:\\\/\\\/www.cusine.eu\\\/#\\\/schema\\\/person\\\/64fa1c4f5e97060cbf9ff70e862f2b65\",\"name\":\"xavi\",\"image\":{\"@type\":\"ImageObject\",\"inLanguage\":\"ca\",\"@id\":\"https:\\\/\\\/secure.gravatar.com\\\/avatar\\\/af05262cf3977d5a4bc00783fa3e3b46c9a21f242558177807e11e4cbc6dea2f?s=96&d=mm&r=g\",\"url\":\"https:\\\/\\\/secure.gravatar.com\\\/avatar\\\/af05262cf3977d5a4bc00783fa3e3b46c9a21f242558177807e11e4cbc6dea2f?s=96&d=mm&r=g\",\"contentUrl\":\"https:\\\/\\\/secure.gravatar.com\\\/avatar\\\/af05262cf3977d5a4bc00783fa3e3b46c9a21f242558177807e11e4cbc6dea2f?s=96&d=mm&r=g\",\"caption\":\"xavi\"},\"url\":\"https:\\\/\\\/www.cusine.eu\\\/index.php\\\/author\\\/xavi\\\/\"}]}<\/script>\n<!-- \/ Yoast SEO plugin. -->","yoast_head_json":{"title":"Classe magistral de Jordi Tobal de Borges Professional - Ramon Cusin\u00e9 Hill","robots":{"index":"index","follow":"follow","max-snippet":"max-snippet:-1","max-image-preview":"max-image-preview:large","max-video-preview":"max-video-preview:-1"},"canonical":"https:\/\/www.cusine.eu\/index.php\/classe-magistral-de-jordi-tobal-de-borges-professional\/","og_locale":"ca_ES","og_type":"article","og_title":"Classe magistral de Jordi Tobal de Borges Professional - Ramon Cusin\u00e9 Hill","og_description":"Dimarts passat en Jordi Tobal, mestre forner i pastisser de Borges Professional, va realitzar una classe magistral a l\u2019aula del Gremi de Forners de Lleida. En aquesta classe magistral es van utilitzar tota la gamma de productes que Borges Professional disposa pel m\u00f3n de la fleca i la pastisseria. Alguns d\u2019aquestes productes de Borges Professional s\u00f3n els seg\u00fcents: Agreena. Oli [&hellip;]","og_url":"https:\/\/www.cusine.eu\/index.php\/classe-magistral-de-jordi-tobal-de-borges-professional\/","og_site_name":"Ramon Cusin\u00e9 Hill","article_publisher":"https:\/\/www.facebook.com\/cusine.eu","article_published_time":"2021-11-19T12:58:53+00:00","og_image":[{"width":1000,"height":750,"url":"https:\/\/www.cusine.eu\/wp-content\/uploads\/2021\/11\/classe-magistral-jordi-tobal-Borges-Professional.jpg","type":"image\/jpeg"}],"author":"xavi","twitter_card":"summary_large_image","twitter_creator":"@cusine_eu","twitter_site":"@cusine_eu","twitter_misc":{"Escrit per":"xavi","Temps estimat de lectura":"1 minut"},"schema":{"@context":"https:\/\/schema.org","@graph":[{"@type":"Article","@id":"https:\/\/www.cusine.eu\/index.php\/classe-magistral-de-jordi-tobal-de-borges-professional\/#article","isPartOf":{"@id":"https:\/\/www.cusine.eu\/index.php\/classe-magistral-de-jordi-tobal-de-borges-professional\/"},"author":{"name":"xavi","@id":"https:\/\/www.cusine.eu\/#\/schema\/person\/64fa1c4f5e97060cbf9ff70e862f2b65"},"headline":"Classe magistral de Jordi Tobal de Borges Professional","datePublished":"2021-11-19T12:58:53+00:00","mainEntityOfPage":{"@id":"https:\/\/www.cusine.eu\/index.php\/classe-magistral-de-jordi-tobal-de-borges-professional\/"},"wordCount":273,"publisher":{"@id":"https:\/\/www.cusine.eu\/#organization"},"image":{"@id":"https:\/\/www.cusine.eu\/index.php\/classe-magistral-de-jordi-tobal-de-borges-professional\/#primaryimage"},"thumbnailUrl":"https:\/\/www.cusine.eu\/wp-content\/uploads\/2021\/11\/classe-magistral-jordi-tobal-Borges-Professional.jpg","keywords":["agreena","brioixeria","bunyols","fruits secs","oli oliva","oli xurreria","polvorons","tortell"],"articleSection":["Borges Professional"],"inLanguage":"ca"},{"@type":"WebPage","@id":"https:\/\/www.cusine.eu\/index.php\/classe-magistral-de-jordi-tobal-de-borges-professional\/","url":"https:\/\/www.cusine.eu\/index.php\/classe-magistral-de-jordi-tobal-de-borges-professional\/","name":"Classe magistral de Jordi Tobal de Borges Professional - Ramon Cusin\u00e9 Hill","isPartOf":{"@id":"https:\/\/www.cusine.eu\/#website"},"primaryImageOfPage":{"@id":"https:\/\/www.cusine.eu\/index.php\/classe-magistral-de-jordi-tobal-de-borges-professional\/#primaryimage"},"image":{"@id":"https:\/\/www.cusine.eu\/index.php\/classe-magistral-de-jordi-tobal-de-borges-professional\/#primaryimage"},"thumbnailUrl":"https:\/\/www.cusine.eu\/wp-content\/uploads\/2021\/11\/classe-magistral-jordi-tobal-Borges-Professional.jpg","datePublished":"2021-11-19T12:58:53+00:00","inLanguage":"ca","potentialAction":[{"@type":"ReadAction","target":["https:\/\/www.cusine.eu\/index.php\/classe-magistral-de-jordi-tobal-de-borges-professional\/"]}]},{"@type":"ImageObject","inLanguage":"ca","@id":"https:\/\/www.cusine.eu\/index.php\/classe-magistral-de-jordi-tobal-de-borges-professional\/#primaryimage","url":"https:\/\/www.cusine.eu\/wp-content\/uploads\/2021\/11\/classe-magistral-jordi-tobal-Borges-Professional.jpg","contentUrl":"https:\/\/www.cusine.eu\/wp-content\/uploads\/2021\/11\/classe-magistral-jordi-tobal-Borges-Professional.jpg","width":1000,"height":750,"caption":"Els alumnes i el mestre Jordi Tobal de Borges Professional"},{"@type":"WebSite","@id":"https:\/\/www.cusine.eu\/#website","url":"https:\/\/www.cusine.eu\/","name":"Ramon Cusin\u00e9 Hill","description":"Global Raw Material Supplier","publisher":{"@id":"https:\/\/www.cusine.eu\/#organization"},"potentialAction":[{"@type":"SearchAction","target":{"@type":"EntryPoint","urlTemplate":"https:\/\/www.cusine.eu\/?s={search_term_string}"},"query-input":{"@type":"PropertyValueSpecification","valueRequired":true,"valueName":"search_term_string"}}],"inLanguage":"ca"},{"@type":"Organization","@id":"https:\/\/www.cusine.eu\/#organization","name":"Ramon Cusin\u00e9 Hill","url":"https:\/\/www.cusine.eu\/","logo":{"@type":"ImageObject","inLanguage":"ca","@id":"https:\/\/www.cusine.eu\/#\/schema\/logo\/image\/","url":"https:\/\/www.cusine.eu\/wp-content\/uploads\/2016\/01\/cropped-CUSINE__LOGO_principal_POSITIU__WEB-1.png","contentUrl":"https:\/\/www.cusine.eu\/wp-content\/uploads\/2016\/01\/cropped-CUSINE__LOGO_principal_POSITIU__WEB-1.png","width":362,"height":150,"caption":"Ramon Cusin\u00e9 Hill"},"image":{"@id":"https:\/\/www.cusine.eu\/#\/schema\/logo\/image\/"},"sameAs":["https:\/\/www.facebook.com\/cusine.eu","https:\/\/x.com\/cusine_eu","https:\/\/www.instagram.com\/cusine_eu\/"]},{"@type":"Person","@id":"https:\/\/www.cusine.eu\/#\/schema\/person\/64fa1c4f5e97060cbf9ff70e862f2b65","name":"xavi","image":{"@type":"ImageObject","inLanguage":"ca","@id":"https:\/\/secure.gravatar.com\/avatar\/af05262cf3977d5a4bc00783fa3e3b46c9a21f242558177807e11e4cbc6dea2f?s=96&d=mm&r=g","url":"https:\/\/secure.gravatar.com\/avatar\/af05262cf3977d5a4bc00783fa3e3b46c9a21f242558177807e11e4cbc6dea2f?s=96&d=mm&r=g","contentUrl":"https:\/\/secure.gravatar.com\/avatar\/af05262cf3977d5a4bc00783fa3e3b46c9a21f242558177807e11e4cbc6dea2f?s=96&d=mm&r=g","caption":"xavi"},"url":"https:\/\/www.cusine.eu\/index.php\/author\/xavi\/"}]}},"_links":{"self":[{"href":"https:\/\/www.cusine.eu\/index.php\/wp-json\/wp\/v2\/posts\/4215","targetHints":{"allow":["GET"]}}],"collection":[{"href":"https:\/\/www.cusine.eu\/index.php\/wp-json\/wp\/v2\/posts"}],"about":[{"href":"https:\/\/www.cusine.eu\/index.php\/wp-json\/wp\/v2\/types\/post"}],"author":[{"embeddable":true,"href":"https:\/\/www.cusine.eu\/index.php\/wp-json\/wp\/v2\/users\/1"}],"replies":[{"embeddable":true,"href":"https:\/\/www.cusine.eu\/index.php\/wp-json\/wp\/v2\/comments?post=4215"}],"version-history":[{"count":1,"href":"https:\/\/www.cusine.eu\/index.php\/wp-json\/wp\/v2\/posts\/4215\/revisions"}],"predecessor-version":[{"id":4236,"href":"https:\/\/www.cusine.eu\/index.php\/wp-json\/wp\/v2\/posts\/4215\/revisions\/4236"}],"wp:featuredmedia":[{"embeddable":true,"href":"https:\/\/www.cusine.eu\/index.php\/wp-json\/wp\/v2\/media\/4216"}],"wp:attachment":[{"href":"https:\/\/www.cusine.eu\/index.php\/wp-json\/wp\/v2\/media?parent=4215"}],"wp:term":[{"taxonomy":"category","embeddable":true,"href":"https:\/\/www.cusine.eu\/index.php\/wp-json\/wp\/v2\/categories?post=4215"},{"taxonomy":"post_tag","embeddable":true,"href":"https:\/\/www.cusine.eu\/index.php\/wp-json\/wp\/v2\/tags?post=4215"}],"curies":[{"name":"wp","href":"https:\/\/api.w.org\/{rel}","templated":true}]}}