{"id":4781,"date":"2022-06-16T09:52:14","date_gmt":"2022-06-16T09:52:14","guid":{"rendered":"https:\/\/www.cusine.eu\/?p=4781"},"modified":"2023-02-07T10:23:23","modified_gmt":"2023-02-07T10:23:23","slug":"roger-torrent-lalt-penedes-es-una-marca-un-territori-del-pais-amb-gran-potencial-hem-de-saber-aprofitar-lo","status":"publish","type":"post","link":"https:\/\/www.cusine.eu\/index.php\/roger-torrent-lalt-penedes-es-una-marca-un-territori-del-pais-amb-gran-potencial-hem-de-saber-aprofitar-lo\/","title":{"rendered":"Roger Torrent: \u201cL\u2019Alt Pened\u00e8s \u00e9s una marca, un territori del pa\u00eds amb gran potencial, hem de saber aprofitar-lo\u201d"},"content":{"rendered":"<ul>\n<li><strong><strong>El Conseller d\u2019Empresa i Treball, Roger Torrent, recorre les nostres instal\u00b7lacions i li exposem els reptes professionals de la companyia<\/strong><\/strong><\/li>\n<\/ul>\n<p>&nbsp;<\/p>\n<p>L\u2019equip de Cusin\u00e9 hem tingut l\u2019oportunitat d\u2019ensenyar\u00a0 aquest dijous 16 de juny les nostres instal\u00b7lacions al <strong>Conseller d\u2019Empresa i Treball de la Generalitat de Catalunya, Roger Torrent<\/strong>. A m\u00e9s, en aquesta visita institucional, no nom\u00e9s vam poder-li explicar la nostra hist\u00f2ria com a empresa familiar sin\u00f3 tamb\u00e9, exposar-li els reptes professionals que afronta la companyia.<\/p>\n<p><iframe loading=\"lazy\" title=\"Visita institucional de Roger Torrent\" width=\"500\" height=\"281\" src=\"https:\/\/www.youtube.com\/embed\/KpHER5GRyes?feature=oembed\" frameborder=\"0\" allow=\"accelerometer; autoplay; clipboard-write; encrypted-media; gyroscope; picture-in-picture; web-share\" referrerpolicy=\"strict-origin-when-cross-origin\" allowfullscreen><\/iframe><\/p>\n<p>\u201cCusin\u00e9 \u00e9s una empresa que representa alguns dels valors positius del teixit empresarial del pa\u00eds\u201d, ha afirmat el Conseller. \u201cD\u2019una banda, per aquesta base familiar, que fa que sigui arrelada al territori i de l\u2019altra, per aquesta voluntat de creixement, d\u2019expansi\u00f3 i d&#8217;internacionalitzaci\u00f3, que realment \u00e9s b\u00e0sica pel conjunt de la nostra economia\u201d, ha afegit.<\/p>\n<p>Des de Cusin\u00e9, hem reiterat el nostre comprom\u00eds familiar i l\u2019aposta que estem fent per seguir creixent globalment en el subministrament de mat\u00e8ries primeres, sempre amb la mateixa seguretat log\u00edstica d\u2019entrega.<\/p>\n<p><img loading=\"lazy\" decoding=\"async\" class=\"alignleft wp-image-4786\" src=\"https:\/\/www.cusine.eu\/wp-content\/uploads\/2023\/02\/Roger-torrent-2.jpg\" alt=\"Roger Torrent Cusin\u00e9\" width=\"555\" height=\"342\" srcset=\"https:\/\/www.cusine.eu\/wp-content\/uploads\/2023\/02\/Roger-torrent-2.jpg 555w, https:\/\/www.cusine.eu\/wp-content\/uploads\/2023\/02\/Roger-torrent-2-300x185.jpg 300w\" sizes=\"auto, (max-width: 555px) 100vw, 555px\" \/><\/p>\n<p>&nbsp;<\/p>\n<p>&nbsp;<\/p>\n<p>&nbsp;<\/p>\n<p>&nbsp;<\/p>\n<p>&nbsp;<\/p>\n<p>&nbsp;<\/p>\n<p>&nbsp;<\/p>\n<p>&nbsp;<\/p>\n<p>Roger Torrent ens ha explicat\u00a0 que Cusin\u00e9 \u00e9s un \u201cexemple a seguir\u201d, ja que estem adaptant-nos a un mercat \u201ccada vegada m\u00e9s global. Ens va assegurar que Pymes com la nostra comptaran amb el suport del sector p\u00fablic.<\/p>\n<p>Al llarg de la visita, Torrent tamb\u00e9 ha remarcat el gran potencial empresarial que viu a l\u2019Alt Pened\u00e8s: \u201cAquesta comarca \u00e9s una marca, un territori del pa\u00eds que t\u00e9 una gran capacitat i hem de saber aprofitar-lo\u201d.\u00a0 En aquest sentit, estem contents d\u2019haver pogut compartir el nostre projecte empresarial amb el Conseller i traslladar la vocaci\u00f3 de seguir arrelats al territori.<\/p>\n","protected":false},"excerpt":{"rendered":"<p>El Conseller d\u2019Empresa i Treball, Roger Torrent, recorre les nostres instal\u00b7lacions i li exposem els reptes professionals de la companyia &nbsp; L\u2019equip de Cusin\u00e9 hem tingut l\u2019oportunitat d\u2019ensenyar\u00a0 aquest dijous 16 de juny les nostres instal\u00b7lacions al Conseller d\u2019Empresa i Treball de la Generalitat de Catalunya, Roger Torrent. A m\u00e9s, en aquesta visita institucional, no nom\u00e9s vam poder-li explicar la [&hellip;]<\/p>\n","protected":false},"author":9,"featured_media":4807,"comment_status":"closed","ping_status":"closed","sticky":false,"template":"","format":"standard","meta":{"footnotes":""},"categories":[7],"tags":[],"class_list":["post-4781","post","type-post","status-publish","format-standard","has-post-thumbnail","hentry","category-noticies"],"yoast_head":"<!-- This site is optimized with the Yoast SEO plugin v27.4 - https:\/\/yoast.com\/product\/yoast-seo-wordpress\/ -->\n<title>Roger Torrent: \u201cL\u2019Alt Pened\u00e8s \u00e9s una marca, un territori del pa\u00eds amb gran potencial, hem de saber aprofitar-lo\u201d - Ramon Cusin\u00e9 Hill<\/title>\n<meta name=\"description\" content=\"El Conseller d\u2019Empresa i Treball, Roger Torrent, visita les nostres instal\u00b7lacions de Cusin\u00e9 i li exposem els reptes professionals.\" \/>\n<meta name=\"robots\" content=\"index, follow, max-snippet:-1, max-image-preview:large, max-video-preview:-1\" \/>\n<link rel=\"canonical\" href=\"https:\/\/www.cusine.eu\/index.php\/roger-torrent-lalt-penedes-es-una-marca-un-territori-del-pais-amb-gran-potencial-hem-de-saber-aprofitar-lo\/\" \/>\n<meta property=\"og:locale\" content=\"ca_ES\" \/>\n<meta property=\"og:type\" content=\"article\" \/>\n<meta property=\"og:title\" content=\"Roger Torrent: \u201cL\u2019Alt Pened\u00e8s \u00e9s una marca, un territori del pa\u00eds amb gran potencial, hem de saber aprofitar-lo\u201d - Ramon Cusin\u00e9 Hill\" \/>\n<meta property=\"og:description\" content=\"El Conseller d\u2019Empresa i Treball, Roger Torrent, visita les nostres instal\u00b7lacions de Cusin\u00e9 i li exposem els reptes professionals.\" \/>\n<meta property=\"og:url\" content=\"https:\/\/www.cusine.eu\/index.php\/roger-torrent-lalt-penedes-es-una-marca-un-territori-del-pais-amb-gran-potencial-hem-de-saber-aprofitar-lo\/\" \/>\n<meta property=\"og:site_name\" content=\"Ramon Cusin\u00e9 Hill\" \/>\n<meta property=\"article:publisher\" content=\"https:\/\/www.facebook.com\/cusine.eu\" \/>\n<meta property=\"article:published_time\" content=\"2022-06-16T09:52:14+00:00\" \/>\n<meta property=\"article:modified_time\" content=\"2023-02-07T10:23:23+00:00\" \/>\n<meta property=\"og:image\" content=\"https:\/\/www.cusine.eu\/wp-content\/uploads\/2022\/06\/visita-roger-torrent.png\" \/>\n\t<meta property=\"og:image:width\" content=\"1247\" \/>\n\t<meta property=\"og:image:height\" content=\"657\" \/>\n\t<meta property=\"og:image:type\" content=\"image\/png\" \/>\n<meta name=\"author\" content=\"Ariadna De Salsas\" \/>\n<meta name=\"twitter:card\" content=\"summary_large_image\" \/>\n<meta name=\"twitter:creator\" content=\"@cusine_eu\" \/>\n<meta name=\"twitter:site\" content=\"@cusine_eu\" \/>\n<meta name=\"twitter:label1\" content=\"Escrit per\" \/>\n\t<meta name=\"twitter:data1\" content=\"Ariadna De Salsas\" \/>\n\t<meta name=\"twitter:label2\" content=\"Temps estimat de lectura\" \/>\n\t<meta name=\"twitter:data2\" content=\"2 minuts\" \/>\n<script type=\"application\/ld+json\" class=\"yoast-schema-graph\">{\"@context\":\"https:\\\/\\\/schema.org\",\"@graph\":[{\"@type\":\"Article\",\"@id\":\"https:\\\/\\\/www.cusine.eu\\\/index.php\\\/roger-torrent-lalt-penedes-es-una-marca-un-territori-del-pais-amb-gran-potencial-hem-de-saber-aprofitar-lo\\\/#article\",\"isPartOf\":{\"@id\":\"https:\\\/\\\/www.cusine.eu\\\/index.php\\\/roger-torrent-lalt-penedes-es-una-marca-un-territori-del-pais-amb-gran-potencial-hem-de-saber-aprofitar-lo\\\/\"},\"author\":{\"name\":\"Ariadna De Salsas\",\"@id\":\"https:\\\/\\\/www.cusine.eu\\\/#\\\/schema\\\/person\\\/9591db8c680f5eea3eff5b23dfee06b6\"},\"headline\":\"Roger Torrent: \u201cL\u2019Alt Pened\u00e8s \u00e9s una marca, un territori del pa\u00eds amb gran potencial, hem de saber aprofitar-lo\u201d\",\"datePublished\":\"2022-06-16T09:52:14+00:00\",\"dateModified\":\"2023-02-07T10:23:23+00:00\",\"mainEntityOfPage\":{\"@id\":\"https:\\\/\\\/www.cusine.eu\\\/index.php\\\/roger-torrent-lalt-penedes-es-una-marca-un-territori-del-pais-amb-gran-potencial-hem-de-saber-aprofitar-lo\\\/\"},\"wordCount\":325,\"publisher\":{\"@id\":\"https:\\\/\\\/www.cusine.eu\\\/#organization\"},\"image\":{\"@id\":\"https:\\\/\\\/www.cusine.eu\\\/index.php\\\/roger-torrent-lalt-penedes-es-una-marca-un-territori-del-pais-amb-gran-potencial-hem-de-saber-aprofitar-lo\\\/#primaryimage\"},\"thumbnailUrl\":\"https:\\\/\\\/www.cusine.eu\\\/wp-content\\\/uploads\\\/2022\\\/06\\\/visita-roger-torrent.png\",\"articleSection\":[\"Noticies\"],\"inLanguage\":\"ca\"},{\"@type\":\"WebPage\",\"@id\":\"https:\\\/\\\/www.cusine.eu\\\/index.php\\\/roger-torrent-lalt-penedes-es-una-marca-un-territori-del-pais-amb-gran-potencial-hem-de-saber-aprofitar-lo\\\/\",\"url\":\"https:\\\/\\\/www.cusine.eu\\\/index.php\\\/roger-torrent-lalt-penedes-es-una-marca-un-territori-del-pais-amb-gran-potencial-hem-de-saber-aprofitar-lo\\\/\",\"name\":\"Roger Torrent: \u201cL\u2019Alt Pened\u00e8s \u00e9s una marca, un territori del pa\u00eds amb gran potencial, hem de saber aprofitar-lo\u201d - Ramon Cusin\u00e9 Hill\",\"isPartOf\":{\"@id\":\"https:\\\/\\\/www.cusine.eu\\\/#website\"},\"primaryImageOfPage\":{\"@id\":\"https:\\\/\\\/www.cusine.eu\\\/index.php\\\/roger-torrent-lalt-penedes-es-una-marca-un-territori-del-pais-amb-gran-potencial-hem-de-saber-aprofitar-lo\\\/#primaryimage\"},\"image\":{\"@id\":\"https:\\\/\\\/www.cusine.eu\\\/index.php\\\/roger-torrent-lalt-penedes-es-una-marca-un-territori-del-pais-amb-gran-potencial-hem-de-saber-aprofitar-lo\\\/#primaryimage\"},\"thumbnailUrl\":\"https:\\\/\\\/www.cusine.eu\\\/wp-content\\\/uploads\\\/2022\\\/06\\\/visita-roger-torrent.png\",\"datePublished\":\"2022-06-16T09:52:14+00:00\",\"dateModified\":\"2023-02-07T10:23:23+00:00\",\"description\":\"El Conseller d\u2019Empresa i Treball, Roger Torrent, visita les nostres instal\u00b7lacions de Cusin\u00e9 i li exposem els reptes professionals.\",\"inLanguage\":\"ca\",\"potentialAction\":[{\"@type\":\"ReadAction\",\"target\":[\"https:\\\/\\\/www.cusine.eu\\\/index.php\\\/roger-torrent-lalt-penedes-es-una-marca-un-territori-del-pais-amb-gran-potencial-hem-de-saber-aprofitar-lo\\\/\"]}]},{\"@type\":\"ImageObject\",\"inLanguage\":\"ca\",\"@id\":\"https:\\\/\\\/www.cusine.eu\\\/index.php\\\/roger-torrent-lalt-penedes-es-una-marca-un-territori-del-pais-amb-gran-potencial-hem-de-saber-aprofitar-lo\\\/#primaryimage\",\"url\":\"https:\\\/\\\/www.cusine.eu\\\/wp-content\\\/uploads\\\/2022\\\/06\\\/visita-roger-torrent.png\",\"contentUrl\":\"https:\\\/\\\/www.cusine.eu\\\/wp-content\\\/uploads\\\/2022\\\/06\\\/visita-roger-torrent.png\",\"width\":1247,\"height\":657,\"caption\":\"Roger Torrent Cusin\u00e9\"},{\"@type\":\"WebSite\",\"@id\":\"https:\\\/\\\/www.cusine.eu\\\/#website\",\"url\":\"https:\\\/\\\/www.cusine.eu\\\/\",\"name\":\"Ramon Cusin\u00e9 Hill\",\"description\":\"Global Raw Material Supplier\",\"publisher\":{\"@id\":\"https:\\\/\\\/www.cusine.eu\\\/#organization\"},\"potentialAction\":[{\"@type\":\"SearchAction\",\"target\":{\"@type\":\"EntryPoint\",\"urlTemplate\":\"https:\\\/\\\/www.cusine.eu\\\/?s={search_term_string}\"},\"query-input\":{\"@type\":\"PropertyValueSpecification\",\"valueRequired\":true,\"valueName\":\"search_term_string\"}}],\"inLanguage\":\"ca\"},{\"@type\":\"Organization\",\"@id\":\"https:\\\/\\\/www.cusine.eu\\\/#organization\",\"name\":\"Ramon Cusin\u00e9 Hill\",\"url\":\"https:\\\/\\\/www.cusine.eu\\\/\",\"logo\":{\"@type\":\"ImageObject\",\"inLanguage\":\"ca\",\"@id\":\"https:\\\/\\\/www.cusine.eu\\\/#\\\/schema\\\/logo\\\/image\\\/\",\"url\":\"https:\\\/\\\/www.cusine.eu\\\/wp-content\\\/uploads\\\/2016\\\/01\\\/cropped-CUSINE__LOGO_principal_POSITIU__WEB-1.png\",\"contentUrl\":\"https:\\\/\\\/www.cusine.eu\\\/wp-content\\\/uploads\\\/2016\\\/01\\\/cropped-CUSINE__LOGO_principal_POSITIU__WEB-1.png\",\"width\":362,\"height\":150,\"caption\":\"Ramon Cusin\u00e9 Hill\"},\"image\":{\"@id\":\"https:\\\/\\\/www.cusine.eu\\\/#\\\/schema\\\/logo\\\/image\\\/\"},\"sameAs\":[\"https:\\\/\\\/www.facebook.com\\\/cusine.eu\",\"https:\\\/\\\/x.com\\\/cusine_eu\",\"https:\\\/\\\/www.instagram.com\\\/cusine_eu\\\/\"]},{\"@type\":\"Person\",\"@id\":\"https:\\\/\\\/www.cusine.eu\\\/#\\\/schema\\\/person\\\/9591db8c680f5eea3eff5b23dfee06b6\",\"name\":\"Ariadna De Salsas\",\"image\":{\"@type\":\"ImageObject\",\"inLanguage\":\"ca\",\"@id\":\"https:\\\/\\\/secure.gravatar.com\\\/avatar\\\/349cb7b88fa7645414c20e0c79ffa966674611e58761267480a0eab000324425?s=96&d=mm&r=g\",\"url\":\"https:\\\/\\\/secure.gravatar.com\\\/avatar\\\/349cb7b88fa7645414c20e0c79ffa966674611e58761267480a0eab000324425?s=96&d=mm&r=g\",\"contentUrl\":\"https:\\\/\\\/secure.gravatar.com\\\/avatar\\\/349cb7b88fa7645414c20e0c79ffa966674611e58761267480a0eab000324425?s=96&d=mm&r=g\",\"caption\":\"Ariadna De Salsas\"},\"url\":\"https:\\\/\\\/www.cusine.eu\\\/index.php\\\/author\\\/ariadna\\\/\"}]}<\/script>\n<!-- \/ Yoast SEO plugin. -->","yoast_head_json":{"title":"Roger Torrent: \u201cL\u2019Alt Pened\u00e8s \u00e9s una marca, un territori del pa\u00eds amb gran potencial, hem de saber aprofitar-lo\u201d - Ramon Cusin\u00e9 Hill","description":"El Conseller d\u2019Empresa i Treball, Roger Torrent, visita les nostres instal\u00b7lacions de Cusin\u00e9 i li exposem els reptes professionals.","robots":{"index":"index","follow":"follow","max-snippet":"max-snippet:-1","max-image-preview":"max-image-preview:large","max-video-preview":"max-video-preview:-1"},"canonical":"https:\/\/www.cusine.eu\/index.php\/roger-torrent-lalt-penedes-es-una-marca-un-territori-del-pais-amb-gran-potencial-hem-de-saber-aprofitar-lo\/","og_locale":"ca_ES","og_type":"article","og_title":"Roger Torrent: \u201cL\u2019Alt Pened\u00e8s \u00e9s una marca, un territori del pa\u00eds amb gran potencial, hem de saber aprofitar-lo\u201d - Ramon Cusin\u00e9 Hill","og_description":"El Conseller d\u2019Empresa i Treball, Roger Torrent, visita les nostres instal\u00b7lacions de Cusin\u00e9 i li exposem els reptes professionals.","og_url":"https:\/\/www.cusine.eu\/index.php\/roger-torrent-lalt-penedes-es-una-marca-un-territori-del-pais-amb-gran-potencial-hem-de-saber-aprofitar-lo\/","og_site_name":"Ramon Cusin\u00e9 Hill","article_publisher":"https:\/\/www.facebook.com\/cusine.eu","article_published_time":"2022-06-16T09:52:14+00:00","article_modified_time":"2023-02-07T10:23:23+00:00","og_image":[{"width":1247,"height":657,"url":"https:\/\/www.cusine.eu\/wp-content\/uploads\/2022\/06\/visita-roger-torrent.png","type":"image\/png"}],"author":"Ariadna De Salsas","twitter_card":"summary_large_image","twitter_creator":"@cusine_eu","twitter_site":"@cusine_eu","twitter_misc":{"Escrit per":"Ariadna De Salsas","Temps estimat de lectura":"2 minuts"},"schema":{"@context":"https:\/\/schema.org","@graph":[{"@type":"Article","@id":"https:\/\/www.cusine.eu\/index.php\/roger-torrent-lalt-penedes-es-una-marca-un-territori-del-pais-amb-gran-potencial-hem-de-saber-aprofitar-lo\/#article","isPartOf":{"@id":"https:\/\/www.cusine.eu\/index.php\/roger-torrent-lalt-penedes-es-una-marca-un-territori-del-pais-amb-gran-potencial-hem-de-saber-aprofitar-lo\/"},"author":{"name":"Ariadna De Salsas","@id":"https:\/\/www.cusine.eu\/#\/schema\/person\/9591db8c680f5eea3eff5b23dfee06b6"},"headline":"Roger Torrent: \u201cL\u2019Alt Pened\u00e8s \u00e9s una marca, un territori del pa\u00eds amb gran potencial, hem de saber aprofitar-lo\u201d","datePublished":"2022-06-16T09:52:14+00:00","dateModified":"2023-02-07T10:23:23+00:00","mainEntityOfPage":{"@id":"https:\/\/www.cusine.eu\/index.php\/roger-torrent-lalt-penedes-es-una-marca-un-territori-del-pais-amb-gran-potencial-hem-de-saber-aprofitar-lo\/"},"wordCount":325,"publisher":{"@id":"https:\/\/www.cusine.eu\/#organization"},"image":{"@id":"https:\/\/www.cusine.eu\/index.php\/roger-torrent-lalt-penedes-es-una-marca-un-territori-del-pais-amb-gran-potencial-hem-de-saber-aprofitar-lo\/#primaryimage"},"thumbnailUrl":"https:\/\/www.cusine.eu\/wp-content\/uploads\/2022\/06\/visita-roger-torrent.png","articleSection":["Noticies"],"inLanguage":"ca"},{"@type":"WebPage","@id":"https:\/\/www.cusine.eu\/index.php\/roger-torrent-lalt-penedes-es-una-marca-un-territori-del-pais-amb-gran-potencial-hem-de-saber-aprofitar-lo\/","url":"https:\/\/www.cusine.eu\/index.php\/roger-torrent-lalt-penedes-es-una-marca-un-territori-del-pais-amb-gran-potencial-hem-de-saber-aprofitar-lo\/","name":"Roger Torrent: \u201cL\u2019Alt Pened\u00e8s \u00e9s una marca, un territori del pa\u00eds amb gran potencial, hem de saber aprofitar-lo\u201d - Ramon Cusin\u00e9 Hill","isPartOf":{"@id":"https:\/\/www.cusine.eu\/#website"},"primaryImageOfPage":{"@id":"https:\/\/www.cusine.eu\/index.php\/roger-torrent-lalt-penedes-es-una-marca-un-territori-del-pais-amb-gran-potencial-hem-de-saber-aprofitar-lo\/#primaryimage"},"image":{"@id":"https:\/\/www.cusine.eu\/index.php\/roger-torrent-lalt-penedes-es-una-marca-un-territori-del-pais-amb-gran-potencial-hem-de-saber-aprofitar-lo\/#primaryimage"},"thumbnailUrl":"https:\/\/www.cusine.eu\/wp-content\/uploads\/2022\/06\/visita-roger-torrent.png","datePublished":"2022-06-16T09:52:14+00:00","dateModified":"2023-02-07T10:23:23+00:00","description":"El Conseller d\u2019Empresa i Treball, Roger Torrent, visita les nostres instal\u00b7lacions de Cusin\u00e9 i li exposem els reptes professionals.","inLanguage":"ca","potentialAction":[{"@type":"ReadAction","target":["https:\/\/www.cusine.eu\/index.php\/roger-torrent-lalt-penedes-es-una-marca-un-territori-del-pais-amb-gran-potencial-hem-de-saber-aprofitar-lo\/"]}]},{"@type":"ImageObject","inLanguage":"ca","@id":"https:\/\/www.cusine.eu\/index.php\/roger-torrent-lalt-penedes-es-una-marca-un-territori-del-pais-amb-gran-potencial-hem-de-saber-aprofitar-lo\/#primaryimage","url":"https:\/\/www.cusine.eu\/wp-content\/uploads\/2022\/06\/visita-roger-torrent.png","contentUrl":"https:\/\/www.cusine.eu\/wp-content\/uploads\/2022\/06\/visita-roger-torrent.png","width":1247,"height":657,"caption":"Roger Torrent Cusin\u00e9"},{"@type":"WebSite","@id":"https:\/\/www.cusine.eu\/#website","url":"https:\/\/www.cusine.eu\/","name":"Ramon Cusin\u00e9 Hill","description":"Global Raw Material Supplier","publisher":{"@id":"https:\/\/www.cusine.eu\/#organization"},"potentialAction":[{"@type":"SearchAction","target":{"@type":"EntryPoint","urlTemplate":"https:\/\/www.cusine.eu\/?s={search_term_string}"},"query-input":{"@type":"PropertyValueSpecification","valueRequired":true,"valueName":"search_term_string"}}],"inLanguage":"ca"},{"@type":"Organization","@id":"https:\/\/www.cusine.eu\/#organization","name":"Ramon Cusin\u00e9 Hill","url":"https:\/\/www.cusine.eu\/","logo":{"@type":"ImageObject","inLanguage":"ca","@id":"https:\/\/www.cusine.eu\/#\/schema\/logo\/image\/","url":"https:\/\/www.cusine.eu\/wp-content\/uploads\/2016\/01\/cropped-CUSINE__LOGO_principal_POSITIU__WEB-1.png","contentUrl":"https:\/\/www.cusine.eu\/wp-content\/uploads\/2016\/01\/cropped-CUSINE__LOGO_principal_POSITIU__WEB-1.png","width":362,"height":150,"caption":"Ramon Cusin\u00e9 Hill"},"image":{"@id":"https:\/\/www.cusine.eu\/#\/schema\/logo\/image\/"},"sameAs":["https:\/\/www.facebook.com\/cusine.eu","https:\/\/x.com\/cusine_eu","https:\/\/www.instagram.com\/cusine_eu\/"]},{"@type":"Person","@id":"https:\/\/www.cusine.eu\/#\/schema\/person\/9591db8c680f5eea3eff5b23dfee06b6","name":"Ariadna De Salsas","image":{"@type":"ImageObject","inLanguage":"ca","@id":"https:\/\/secure.gravatar.com\/avatar\/349cb7b88fa7645414c20e0c79ffa966674611e58761267480a0eab000324425?s=96&d=mm&r=g","url":"https:\/\/secure.gravatar.com\/avatar\/349cb7b88fa7645414c20e0c79ffa966674611e58761267480a0eab000324425?s=96&d=mm&r=g","contentUrl":"https:\/\/secure.gravatar.com\/avatar\/349cb7b88fa7645414c20e0c79ffa966674611e58761267480a0eab000324425?s=96&d=mm&r=g","caption":"Ariadna De Salsas"},"url":"https:\/\/www.cusine.eu\/index.php\/author\/ariadna\/"}]}},"_links":{"self":[{"href":"https:\/\/www.cusine.eu\/index.php\/wp-json\/wp\/v2\/posts\/4781","targetHints":{"allow":["GET"]}}],"collection":[{"href":"https:\/\/www.cusine.eu\/index.php\/wp-json\/wp\/v2\/posts"}],"about":[{"href":"https:\/\/www.cusine.eu\/index.php\/wp-json\/wp\/v2\/types\/post"}],"author":[{"embeddable":true,"href":"https:\/\/www.cusine.eu\/index.php\/wp-json\/wp\/v2\/users\/9"}],"replies":[{"embeddable":true,"href":"https:\/\/www.cusine.eu\/index.php\/wp-json\/wp\/v2\/comments?post=4781"}],"version-history":[{"count":13,"href":"https:\/\/www.cusine.eu\/index.php\/wp-json\/wp\/v2\/posts\/4781\/revisions"}],"predecessor-version":[{"id":4802,"href":"https:\/\/www.cusine.eu\/index.php\/wp-json\/wp\/v2\/posts\/4781\/revisions\/4802"}],"wp:featuredmedia":[{"embeddable":true,"href":"https:\/\/www.cusine.eu\/index.php\/wp-json\/wp\/v2\/media\/4807"}],"wp:attachment":[{"href":"https:\/\/www.cusine.eu\/index.php\/wp-json\/wp\/v2\/media?parent=4781"}],"wp:term":[{"taxonomy":"category","embeddable":true,"href":"https:\/\/www.cusine.eu\/index.php\/wp-json\/wp\/v2\/categories?post=4781"},{"taxonomy":"post_tag","embeddable":true,"href":"https:\/\/www.cusine.eu\/index.php\/wp-json\/wp\/v2\/tags?post=4781"}],"curies":[{"name":"wp","href":"https:\/\/api.w.org\/{rel}","templated":true}]}}