{"id":5063,"date":"2025-11-15T12:34:01","date_gmt":"2025-11-15T12:34:01","guid":{"rendered":"https:\/\/www.cusine.eu\/?p=5063"},"modified":"2025-11-15T12:34:01","modified_gmt":"2025-11-15T12:34:01","slug":"ens-adherim-al-programa-moves-iii","status":"publish","type":"post","link":"https:\/\/www.cusine.eu\/index.php\/ens-adherim-al-programa-moves-iii\/","title":{"rendered":"Ens adherim al programa MOVES III per impulsar una mobilitat m\u00e9s sostenible"},"content":{"rendered":"<p data-start=\"309\" data-end=\"325\">ICA023\/21\/053541<\/p>\n<p data-start=\"327\" data-end=\"641\">A <strong data-start=\"329\" data-end=\"355\">Ramon Cusin\u00e9 Hill, SAU<\/strong> ens hem adherit al <strong data-start=\"375\" data-end=\"397\">programa MOVES III<\/strong>, una iniciativa impulsada per l\u2019<strong data-start=\"430\" data-end=\"467\">Institut Catal\u00e0 d\u2019Energia (ICAEN)<\/strong> i finan\u00e7ada per la <strong data-start=\"487\" data-end=\"503\">Uni\u00f3 Europea<\/strong> a trav\u00e9s dels fons <strong data-start=\"523\" data-end=\"545\">Next Generation EU<\/strong>, amb l\u2019objectiu de fomentar una mobilitat m\u00e9s neta, eficient i respectuosa amb el medi ambient.<\/p>\n<p data-start=\"643\" data-end=\"975\">Aquest programa ofereix subvencions tant per a la <strong data-start=\"693\" data-end=\"771\">compra de vehicles el\u00e8ctrics, h\u00edbrids endollables o de pila de combustible<\/strong>, com per a la <strong data-start=\"786\" data-end=\"824\">instal\u00b7laci\u00f3 de punts de rec\u00e0rrega<\/strong>.<br data-start=\"825\" data-end=\"828\" \/>Amb aquesta adhesi\u00f3, reafirmem el nostre comprom\u00eds amb la <strong data-start=\"886\" data-end=\"904\">sostenibilitat<\/strong>, la <strong data-start=\"909\" data-end=\"933\">reducci\u00f3 d\u2019emissions<\/strong> i un <strong data-start=\"939\" data-end=\"974\">model energ\u00e8tic m\u00e9s responsable<\/strong>.<\/p>\n<p data-start=\"977\" data-end=\"992\">Moltes gr\u00e0cies.<\/p>\n","protected":false},"excerpt":{"rendered":"<p>ICA023\/21\/053541 A Ramon Cusin\u00e9 Hill, SAU ens hem adherit al programa MOVES III, una iniciativa impulsada per l\u2019Institut Catal\u00e0 d\u2019Energia (ICAEN) i finan\u00e7ada per la Uni\u00f3 Europea a trav\u00e9s dels fons Next Generation EU, amb l\u2019objectiu de fomentar una mobilitat m\u00e9s neta, eficient i respectuosa amb el medi ambient. Aquest programa ofereix subvencions tant per a la compra de vehicles [&hellip;]<\/p>\n","protected":false},"author":8,"featured_media":5064,"comment_status":"closed","ping_status":"closed","sticky":false,"template":"","format":"standard","meta":{"footnotes":""},"categories":[7],"tags":[],"class_list":["post-5063","post","type-post","status-publish","format-standard","has-post-thumbnail","hentry","category-noticies"],"yoast_head":"<!-- This site is optimized with the Yoast SEO plugin v27.5 - https:\/\/yoast.com\/product\/yoast-seo-wordpress\/ -->\n<title>Ens adherim al programa MOVES III per impulsar una mobilitat m\u00e9s sostenible - Ramon Cusin\u00e9 Hill<\/title>\n<meta name=\"robots\" content=\"index, follow, max-snippet:-1, max-image-preview:large, max-video-preview:-1\" \/>\n<link rel=\"canonical\" href=\"https:\/\/www.cusine.eu\/index.php\/ens-adherim-al-programa-moves-iii\/\" \/>\n<meta property=\"og:locale\" content=\"ca_ES\" \/>\n<meta property=\"og:type\" content=\"article\" \/>\n<meta property=\"og:title\" content=\"Ens adherim al programa MOVES III per impulsar una mobilitat m\u00e9s sostenible - Ramon Cusin\u00e9 Hill\" \/>\n<meta property=\"og:description\" content=\"ICA023\/21\/053541 A Ramon Cusin\u00e9 Hill, SAU ens hem adherit al programa MOVES III, una iniciativa impulsada per l\u2019Institut Catal\u00e0 d\u2019Energia (ICAEN) i finan\u00e7ada per la Uni\u00f3 Europea a trav\u00e9s dels fons Next Generation EU, amb l\u2019objectiu de fomentar una mobilitat m\u00e9s neta, eficient i respectuosa amb el medi ambient. Aquest programa ofereix subvencions tant per a la compra de vehicles [&hellip;]\" \/>\n<meta property=\"og:url\" content=\"https:\/\/www.cusine.eu\/index.php\/ens-adherim-al-programa-moves-iii\/\" \/>\n<meta property=\"og:site_name\" content=\"Ramon Cusin\u00e9 Hill\" \/>\n<meta property=\"article:publisher\" content=\"https:\/\/www.facebook.com\/cusine.eu\" \/>\n<meta property=\"article:published_time\" content=\"2025-11-15T12:34:01+00:00\" \/>\n<meta property=\"og:image\" content=\"https:\/\/www.cusine.eu\/wp-content\/uploads\/2025\/11\/image002.png\" \/>\n\t<meta property=\"og:image:width\" content=\"453\" \/>\n\t<meta property=\"og:image:height\" content=\"521\" \/>\n\t<meta property=\"og:image:type\" content=\"image\/png\" \/>\n<meta name=\"author\" content=\"toni\" \/>\n<meta name=\"twitter:card\" content=\"summary_large_image\" \/>\n<meta name=\"twitter:creator\" content=\"@cusine_eu\" \/>\n<meta name=\"twitter:site\" content=\"@cusine_eu\" \/>\n<meta name=\"twitter:label1\" content=\"Escrit per\" \/>\n\t<meta name=\"twitter:data1\" content=\"toni\" \/>\n\t<meta name=\"twitter:label2\" content=\"Temps estimat de lectura\" \/>\n\t<meta name=\"twitter:data2\" content=\"1 minut\" \/>\n<script type=\"application\/ld+json\" class=\"yoast-schema-graph\">{\"@context\":\"https:\\\/\\\/schema.org\",\"@graph\":[{\"@type\":\"Article\",\"@id\":\"https:\\\/\\\/www.cusine.eu\\\/index.php\\\/ens-adherim-al-programa-moves-iii\\\/#article\",\"isPartOf\":{\"@id\":\"https:\\\/\\\/www.cusine.eu\\\/index.php\\\/ens-adherim-al-programa-moves-iii\\\/\"},\"author\":{\"name\":\"toni\",\"@id\":\"https:\\\/\\\/www.cusine.eu\\\/#\\\/schema\\\/person\\\/fc26443e19a3d6e7775c7a404eee8600\"},\"headline\":\"Ens adherim al programa MOVES III per impulsar una mobilitat m\u00e9s sostenible\",\"datePublished\":\"2025-11-15T12:34:01+00:00\",\"mainEntityOfPage\":{\"@id\":\"https:\\\/\\\/www.cusine.eu\\\/index.php\\\/ens-adherim-al-programa-moves-iii\\\/\"},\"wordCount\":126,\"publisher\":{\"@id\":\"https:\\\/\\\/www.cusine.eu\\\/#organization\"},\"image\":{\"@id\":\"https:\\\/\\\/www.cusine.eu\\\/index.php\\\/ens-adherim-al-programa-moves-iii\\\/#primaryimage\"},\"thumbnailUrl\":\"https:\\\/\\\/www.cusine.eu\\\/wp-content\\\/uploads\\\/2025\\\/11\\\/image002.png\",\"articleSection\":[\"Noticies\"],\"inLanguage\":\"ca\"},{\"@type\":\"WebPage\",\"@id\":\"https:\\\/\\\/www.cusine.eu\\\/index.php\\\/ens-adherim-al-programa-moves-iii\\\/\",\"url\":\"https:\\\/\\\/www.cusine.eu\\\/index.php\\\/ens-adherim-al-programa-moves-iii\\\/\",\"name\":\"Ens adherim al programa MOVES III per impulsar una mobilitat m\u00e9s sostenible - Ramon Cusin\u00e9 Hill\",\"isPartOf\":{\"@id\":\"https:\\\/\\\/www.cusine.eu\\\/#website\"},\"primaryImageOfPage\":{\"@id\":\"https:\\\/\\\/www.cusine.eu\\\/index.php\\\/ens-adherim-al-programa-moves-iii\\\/#primaryimage\"},\"image\":{\"@id\":\"https:\\\/\\\/www.cusine.eu\\\/index.php\\\/ens-adherim-al-programa-moves-iii\\\/#primaryimage\"},\"thumbnailUrl\":\"https:\\\/\\\/www.cusine.eu\\\/wp-content\\\/uploads\\\/2025\\\/11\\\/image002.png\",\"datePublished\":\"2025-11-15T12:34:01+00:00\",\"inLanguage\":\"ca\",\"potentialAction\":[{\"@type\":\"ReadAction\",\"target\":[\"https:\\\/\\\/www.cusine.eu\\\/index.php\\\/ens-adherim-al-programa-moves-iii\\\/\"]}]},{\"@type\":\"ImageObject\",\"inLanguage\":\"ca\",\"@id\":\"https:\\\/\\\/www.cusine.eu\\\/index.php\\\/ens-adherim-al-programa-moves-iii\\\/#primaryimage\",\"url\":\"https:\\\/\\\/www.cusine.eu\\\/wp-content\\\/uploads\\\/2025\\\/11\\\/image002.png\",\"contentUrl\":\"https:\\\/\\\/www.cusine.eu\\\/wp-content\\\/uploads\\\/2025\\\/11\\\/image002.png\",\"width\":453,\"height\":521},{\"@type\":\"WebSite\",\"@id\":\"https:\\\/\\\/www.cusine.eu\\\/#website\",\"url\":\"https:\\\/\\\/www.cusine.eu\\\/\",\"name\":\"Ramon Cusin\u00e9 Hill\",\"description\":\"Global Raw Material Supplier\",\"publisher\":{\"@id\":\"https:\\\/\\\/www.cusine.eu\\\/#organization\"},\"potentialAction\":[{\"@type\":\"SearchAction\",\"target\":{\"@type\":\"EntryPoint\",\"urlTemplate\":\"https:\\\/\\\/www.cusine.eu\\\/?s={search_term_string}\"},\"query-input\":{\"@type\":\"PropertyValueSpecification\",\"valueRequired\":true,\"valueName\":\"search_term_string\"}}],\"inLanguage\":\"ca\"},{\"@type\":\"Organization\",\"@id\":\"https:\\\/\\\/www.cusine.eu\\\/#organization\",\"name\":\"Ramon Cusin\u00e9 Hill\",\"url\":\"https:\\\/\\\/www.cusine.eu\\\/\",\"logo\":{\"@type\":\"ImageObject\",\"inLanguage\":\"ca\",\"@id\":\"https:\\\/\\\/www.cusine.eu\\\/#\\\/schema\\\/logo\\\/image\\\/\",\"url\":\"https:\\\/\\\/www.cusine.eu\\\/wp-content\\\/uploads\\\/2016\\\/01\\\/cropped-CUSINE__LOGO_principal_POSITIU__WEB-1.png\",\"contentUrl\":\"https:\\\/\\\/www.cusine.eu\\\/wp-content\\\/uploads\\\/2016\\\/01\\\/cropped-CUSINE__LOGO_principal_POSITIU__WEB-1.png\",\"width\":362,\"height\":150,\"caption\":\"Ramon Cusin\u00e9 Hill\"},\"image\":{\"@id\":\"https:\\\/\\\/www.cusine.eu\\\/#\\\/schema\\\/logo\\\/image\\\/\"},\"sameAs\":[\"https:\\\/\\\/www.facebook.com\\\/cusine.eu\",\"https:\\\/\\\/x.com\\\/cusine_eu\",\"https:\\\/\\\/www.instagram.com\\\/cusine_eu\\\/\"]},{\"@type\":\"Person\",\"@id\":\"https:\\\/\\\/www.cusine.eu\\\/#\\\/schema\\\/person\\\/fc26443e19a3d6e7775c7a404eee8600\",\"name\":\"toni\",\"image\":{\"@type\":\"ImageObject\",\"inLanguage\":\"ca\",\"@id\":\"https:\\\/\\\/secure.gravatar.com\\\/avatar\\\/bb05c4d1372ebae53f1b70cfbdb51c92b4f764964812d889781aebceeb9ebacd?s=96&d=mm&r=g\",\"url\":\"https:\\\/\\\/secure.gravatar.com\\\/avatar\\\/bb05c4d1372ebae53f1b70cfbdb51c92b4f764964812d889781aebceeb9ebacd?s=96&d=mm&r=g\",\"contentUrl\":\"https:\\\/\\\/secure.gravatar.com\\\/avatar\\\/bb05c4d1372ebae53f1b70cfbdb51c92b4f764964812d889781aebceeb9ebacd?s=96&d=mm&r=g\",\"caption\":\"toni\"},\"url\":\"https:\\\/\\\/www.cusine.eu\\\/index.php\\\/author\\\/toni\\\/\"}]}<\/script>\n<!-- \/ Yoast SEO plugin. -->","yoast_head_json":{"title":"Ens adherim al programa MOVES III per impulsar una mobilitat m\u00e9s sostenible - Ramon Cusin\u00e9 Hill","robots":{"index":"index","follow":"follow","max-snippet":"max-snippet:-1","max-image-preview":"max-image-preview:large","max-video-preview":"max-video-preview:-1"},"canonical":"https:\/\/www.cusine.eu\/index.php\/ens-adherim-al-programa-moves-iii\/","og_locale":"ca_ES","og_type":"article","og_title":"Ens adherim al programa MOVES III per impulsar una mobilitat m\u00e9s sostenible - Ramon Cusin\u00e9 Hill","og_description":"ICA023\/21\/053541 A Ramon Cusin\u00e9 Hill, SAU ens hem adherit al programa MOVES III, una iniciativa impulsada per l\u2019Institut Catal\u00e0 d\u2019Energia (ICAEN) i finan\u00e7ada per la Uni\u00f3 Europea a trav\u00e9s dels fons Next Generation EU, amb l\u2019objectiu de fomentar una mobilitat m\u00e9s neta, eficient i respectuosa amb el medi ambient. Aquest programa ofereix subvencions tant per a la compra de vehicles [&hellip;]","og_url":"https:\/\/www.cusine.eu\/index.php\/ens-adherim-al-programa-moves-iii\/","og_site_name":"Ramon Cusin\u00e9 Hill","article_publisher":"https:\/\/www.facebook.com\/cusine.eu","article_published_time":"2025-11-15T12:34:01+00:00","og_image":[{"width":453,"height":521,"url":"https:\/\/www.cusine.eu\/wp-content\/uploads\/2025\/11\/image002.png","type":"image\/png"}],"author":"toni","twitter_card":"summary_large_image","twitter_creator":"@cusine_eu","twitter_site":"@cusine_eu","twitter_misc":{"Escrit per":"toni","Temps estimat de lectura":"1 minut"},"schema":{"@context":"https:\/\/schema.org","@graph":[{"@type":"Article","@id":"https:\/\/www.cusine.eu\/index.php\/ens-adherim-al-programa-moves-iii\/#article","isPartOf":{"@id":"https:\/\/www.cusine.eu\/index.php\/ens-adherim-al-programa-moves-iii\/"},"author":{"name":"toni","@id":"https:\/\/www.cusine.eu\/#\/schema\/person\/fc26443e19a3d6e7775c7a404eee8600"},"headline":"Ens adherim al programa MOVES III per impulsar una mobilitat m\u00e9s sostenible","datePublished":"2025-11-15T12:34:01+00:00","mainEntityOfPage":{"@id":"https:\/\/www.cusine.eu\/index.php\/ens-adherim-al-programa-moves-iii\/"},"wordCount":126,"publisher":{"@id":"https:\/\/www.cusine.eu\/#organization"},"image":{"@id":"https:\/\/www.cusine.eu\/index.php\/ens-adherim-al-programa-moves-iii\/#primaryimage"},"thumbnailUrl":"https:\/\/www.cusine.eu\/wp-content\/uploads\/2025\/11\/image002.png","articleSection":["Noticies"],"inLanguage":"ca"},{"@type":"WebPage","@id":"https:\/\/www.cusine.eu\/index.php\/ens-adherim-al-programa-moves-iii\/","url":"https:\/\/www.cusine.eu\/index.php\/ens-adherim-al-programa-moves-iii\/","name":"Ens adherim al programa MOVES III per impulsar una mobilitat m\u00e9s sostenible - Ramon Cusin\u00e9 Hill","isPartOf":{"@id":"https:\/\/www.cusine.eu\/#website"},"primaryImageOfPage":{"@id":"https:\/\/www.cusine.eu\/index.php\/ens-adherim-al-programa-moves-iii\/#primaryimage"},"image":{"@id":"https:\/\/www.cusine.eu\/index.php\/ens-adherim-al-programa-moves-iii\/#primaryimage"},"thumbnailUrl":"https:\/\/www.cusine.eu\/wp-content\/uploads\/2025\/11\/image002.png","datePublished":"2025-11-15T12:34:01+00:00","inLanguage":"ca","potentialAction":[{"@type":"ReadAction","target":["https:\/\/www.cusine.eu\/index.php\/ens-adherim-al-programa-moves-iii\/"]}]},{"@type":"ImageObject","inLanguage":"ca","@id":"https:\/\/www.cusine.eu\/index.php\/ens-adherim-al-programa-moves-iii\/#primaryimage","url":"https:\/\/www.cusine.eu\/wp-content\/uploads\/2025\/11\/image002.png","contentUrl":"https:\/\/www.cusine.eu\/wp-content\/uploads\/2025\/11\/image002.png","width":453,"height":521},{"@type":"WebSite","@id":"https:\/\/www.cusine.eu\/#website","url":"https:\/\/www.cusine.eu\/","name":"Ramon Cusin\u00e9 Hill","description":"Global Raw Material Supplier","publisher":{"@id":"https:\/\/www.cusine.eu\/#organization"},"potentialAction":[{"@type":"SearchAction","target":{"@type":"EntryPoint","urlTemplate":"https:\/\/www.cusine.eu\/?s={search_term_string}"},"query-input":{"@type":"PropertyValueSpecification","valueRequired":true,"valueName":"search_term_string"}}],"inLanguage":"ca"},{"@type":"Organization","@id":"https:\/\/www.cusine.eu\/#organization","name":"Ramon Cusin\u00e9 Hill","url":"https:\/\/www.cusine.eu\/","logo":{"@type":"ImageObject","inLanguage":"ca","@id":"https:\/\/www.cusine.eu\/#\/schema\/logo\/image\/","url":"https:\/\/www.cusine.eu\/wp-content\/uploads\/2016\/01\/cropped-CUSINE__LOGO_principal_POSITIU__WEB-1.png","contentUrl":"https:\/\/www.cusine.eu\/wp-content\/uploads\/2016\/01\/cropped-CUSINE__LOGO_principal_POSITIU__WEB-1.png","width":362,"height":150,"caption":"Ramon Cusin\u00e9 Hill"},"image":{"@id":"https:\/\/www.cusine.eu\/#\/schema\/logo\/image\/"},"sameAs":["https:\/\/www.facebook.com\/cusine.eu","https:\/\/x.com\/cusine_eu","https:\/\/www.instagram.com\/cusine_eu\/"]},{"@type":"Person","@id":"https:\/\/www.cusine.eu\/#\/schema\/person\/fc26443e19a3d6e7775c7a404eee8600","name":"toni","image":{"@type":"ImageObject","inLanguage":"ca","@id":"https:\/\/secure.gravatar.com\/avatar\/bb05c4d1372ebae53f1b70cfbdb51c92b4f764964812d889781aebceeb9ebacd?s=96&d=mm&r=g","url":"https:\/\/secure.gravatar.com\/avatar\/bb05c4d1372ebae53f1b70cfbdb51c92b4f764964812d889781aebceeb9ebacd?s=96&d=mm&r=g","contentUrl":"https:\/\/secure.gravatar.com\/avatar\/bb05c4d1372ebae53f1b70cfbdb51c92b4f764964812d889781aebceeb9ebacd?s=96&d=mm&r=g","caption":"toni"},"url":"https:\/\/www.cusine.eu\/index.php\/author\/toni\/"}]}},"_links":{"self":[{"href":"https:\/\/www.cusine.eu\/index.php\/wp-json\/wp\/v2\/posts\/5063","targetHints":{"allow":["GET"]}}],"collection":[{"href":"https:\/\/www.cusine.eu\/index.php\/wp-json\/wp\/v2\/posts"}],"about":[{"href":"https:\/\/www.cusine.eu\/index.php\/wp-json\/wp\/v2\/types\/post"}],"author":[{"embeddable":true,"href":"https:\/\/www.cusine.eu\/index.php\/wp-json\/wp\/v2\/users\/8"}],"replies":[{"embeddable":true,"href":"https:\/\/www.cusine.eu\/index.php\/wp-json\/wp\/v2\/comments?post=5063"}],"version-history":[{"count":1,"href":"https:\/\/www.cusine.eu\/index.php\/wp-json\/wp\/v2\/posts\/5063\/revisions"}],"predecessor-version":[{"id":5068,"href":"https:\/\/www.cusine.eu\/index.php\/wp-json\/wp\/v2\/posts\/5063\/revisions\/5068"}],"wp:featuredmedia":[{"embeddable":true,"href":"https:\/\/www.cusine.eu\/index.php\/wp-json\/wp\/v2\/media\/5064"}],"wp:attachment":[{"href":"https:\/\/www.cusine.eu\/index.php\/wp-json\/wp\/v2\/media?parent=5063"}],"wp:term":[{"taxonomy":"category","embeddable":true,"href":"https:\/\/www.cusine.eu\/index.php\/wp-json\/wp\/v2\/categories?post=5063"},{"taxonomy":"post_tag","embeddable":true,"href":"https:\/\/www.cusine.eu\/index.php\/wp-json\/wp\/v2\/tags?post=5063"}],"curies":[{"name":"wp","href":"https:\/\/api.w.org\/{rel}","templated":true}]}}